{"id":881,"date":"2023-01-29T00:48:54","date_gmt":"2023-01-28T22:48:54","guid":{"rendered":"https:\/\/dauncampanileallaltro.ch\/?p=881"},"modified":"2023-01-29T00:48:55","modified_gmt":"2023-01-28T22:48:55","slug":"benedizione-delle-candele-e-della-gola","status":"publish","type":"post","link":"https:\/\/dauncampanileallaltro.ch\/?p=881","title":{"rendered":"Benedizione delle candele e della gola"},"content":{"rendered":"\n<p>Cari amici, vi invito gioved\u00ec 2 febbraio alle 18.00 nella chiesa di Vernate e venerd\u00ec 3 febbraio alle 18.00 nella chiesa di Neggio. Qui sotto, in breve, vi spiego perch\u00e9! Buona domenica!<\/p>\n\n\n\n<!--more-->\n\n\n\n<p>Il\u00a0<strong>2 febbraio<\/strong>, esattamente 40 giorni dopo il Natale, \u00e8 la festa liturgica della\u00a0<strong>Presentazione al Tempio di Ges\u00f9<\/strong>, raccontata dal vangelo di Luca (2,22-40), e popolarmente detta \u201ccandelora\u201d perch\u00e9 in questo giorno si benedicono le candele, simbolo di Cristo luce del mondo come viene chiamato il Bambino Ges\u00f9 dal vecchio profeta Simeone: \u00abI miei occhi han visto la tua salvezza, preparata da te davanti a tutti i popoli, luce per illuminare le genti e gloria del tuo popolo Israele\u00bb.<\/p>\n\n\n\n<p>Il <strong>3 febbraio<\/strong> la tradizione cristiana celebra <strong>San Biagio<\/strong> (vescovo e martire), santo protettore della gola. Per questa giornata \u00e8 prevista la benedizione della gola, che viene impartita dal parroco incrociando due candele (benedette nel giorno precedente nella festa della <em>candelora<\/em>) e appoggiandole sulla gola del fedele. La tradizione della benedizione della gola nasce dal fatto che San Biagio guar\u00ec miracolosamente un bambino a cui si era conficcata una spina nella gola.<\/p>\n","protected":false},"excerpt":{"rendered":"<p>Cari amici, vi invito gioved\u00ec 2 febbraio alle 18.00 nella chiesa di Vernate e venerd\u00ec 3 febbraio alle 18.00 nella chiesa di Neggio. Qui sotto, in breve, vi spiego perch\u00e9! Buona domenica!<\/p>\n","protected":false},"author":1,"featured_media":884,"comment_status":"open","ping_status":"open","sticky":false,"template":"","format":"standard","meta":{"_monsterinsights_skip_tracking":false,"_monsterinsights_sitenote_active":false,"_monsterinsights_sitenote_note":"","_monsterinsights_sitenote_category":0,"footnotes":""},"categories":[23],"tags":[],"class_list":["post-881","post","type-post","status-publish","format-standard","has-post-thumbnail","hentry","category-inter-parrocchiale"],"aioseo_notices":[],"_links":{"self":[{"href":"https:\/\/dauncampanileallaltro.ch\/index.php?rest_route=\/wp\/v2\/posts\/881","targetHints":{"allow":["GET"]}}],"collection":[{"href":"https:\/\/dauncampanileallaltro.ch\/index.php?rest_route=\/wp\/v2\/posts"}],"about":[{"href":"https:\/\/dauncampanileallaltro.ch\/index.php?rest_route=\/wp\/v2\/types\/post"}],"author":[{"embeddable":true,"href":"https:\/\/dauncampanileallaltro.ch\/index.php?rest_route=\/wp\/v2\/users\/1"}],"replies":[{"embeddable":true,"href":"https:\/\/dauncampanileallaltro.ch\/index.php?rest_route=%2Fwp%2Fv2%2Fcomments&post=881"}],"version-history":[{"count":2,"href":"https:\/\/dauncampanileallaltro.ch\/index.php?rest_route=\/wp\/v2\/posts\/881\/revisions"}],"predecessor-version":[{"id":885,"href":"https:\/\/dauncampanileallaltro.ch\/index.php?rest_route=\/wp\/v2\/posts\/881\/revisions\/885"}],"wp:featuredmedia":[{"embeddable":true,"href":"https:\/\/dauncampanileallaltro.ch\/index.php?rest_route=\/wp\/v2\/media\/884"}],"wp:attachment":[{"href":"https:\/\/dauncampanileallaltro.ch\/index.php?rest_route=%2Fwp%2Fv2%2Fmedia&parent=881"}],"wp:term":[{"taxonomy":"category","embeddable":true,"href":"https:\/\/dauncampanileallaltro.ch\/index.php?rest_route=%2Fwp%2Fv2%2Fcategories&post=881"},{"taxonomy":"post_tag","embeddable":true,"href":"https:\/\/dauncampanileallaltro.ch\/index.php?rest_route=%2Fwp%2Fv2%2Ftags&post=881"}],"curies":[{"name":"wp","href":"https:\/\/api.w.org\/{rel}","templated":true}]}}