{"id":865,"date":"2023-01-23T18:14:45","date_gmt":"2023-01-23T16:14:45","guid":{"rendered":"https:\/\/dauncampanileallaltro.ch\/?p=865"},"modified":"2023-01-23T18:14:46","modified_gmt":"2023-01-23T16:14:46","slug":"san-sebastiano-martire-prega-per-noi","status":"publish","type":"post","link":"https:\/\/dauncampanileallaltro.ch\/?p=865","title":{"rendered":"San Sebastiano martire, prega per noi!"},"content":{"rendered":"\n<figure class=\"wp-block-video\"><video height=\"320\" style=\"aspect-ratio: 568 \/ 320;\" width=\"568\" controls src=\"https:\/\/dauncampanileallaltro.ch\/wp-content\/uploads\/2023\/01\/video_2023-01-23_16-47-18.mp4\"><\/video><\/figure>\n\n\n\n<p>\u00c8 stata davvero una bella festa ieri per la parrocchia di Vernate, con la presenza di amici anche da Neggio e Cimo.<\/p>\n\n\n\n<!--more-->\n\n\n\n<p>Durante la processione per le vie del paese, \u00e8 risuonata forte la nostra supplica per l&#8217;intercessione  di San Sebastiano martire: <\/p>\n\n\n\n<p><em>Signore, ti affidiamo i malati della nostra comunit\u00e0: rendici attenti alle loro necessit\u00e0 affinch\u00e9, con il conforto della preghiera, possano portare con fede il peso della loro croce.<\/em><\/p>\n\n\n\n<p><em>Signore, aiutaci ad accogliere il Vangelo e a viverlo ogni giorno con animo lieto affinch\u00e8 i semi della tua Parola mettano radici profonde nei nostri cuori.<\/em><\/p>\n\n\n\n<p><em>Signore ti affidiamo le famiglie della nostra comunit\u00e0, perch\u00e9 possano vivere sempre in cristiana armonia e dare testimonianza credibile e trasparente dell&#8217;amore di Cristo.<\/em><\/p>\n\n\n\n<p>E al termine abbiamo pregato:<\/p>\n\n\n\n<p><strong>O glorioso Sebastiano<\/strong>, alla cui speciale protezione il cielo ha affidato il nostro paese, fa\u2019 che sentiamo i dolci affetti della tua potente intercessione presso Dio.<br>Ci affidiamo nelle tue mani: tu conosci le nostre necessit\u00e0; provvedici tu affinch\u00e9 tutto concorra ad assicurarci la salute materiale e spirituale; e dopo essere stati tuoi fedeli imitatori sulla terra, possiamo un giorno partecipare della tua gloria nel cielo.<br>O buon Sebastiano, che per testimoniare la tua fede a Cristo Ges\u00f9 ti sei fatto martirizzare, sii il nostro protettore, sostienici con le tue braccia vittoriose e noi non avremo paura delle potenze nemiche.<br>Intercedi presso il Signore affinch\u00e9 la nostra comunit\u00e0 parrocchiale sia sempre desiderosa di testimoniare la sua fede nel Cristo Salvatore.<br>San Sebastiano, prega per tutti noi!<br>Amen<\/p>\n\n\n\n<figure class=\"wp-block-image size-full\"><img loading=\"lazy\" decoding=\"async\" width=\"768\" height=\"1024\" src=\"https:\/\/dauncampanileallaltro.ch\/wp-content\/uploads\/2023\/01\/photo_2023-01-23_16-32-45-1.jpg\" alt=\"\" class=\"wp-image-871\" srcset=\"https:\/\/dauncampanileallaltro.ch\/wp-content\/uploads\/2023\/01\/photo_2023-01-23_16-32-45-1.jpg 768w, https:\/\/dauncampanileallaltro.ch\/wp-content\/uploads\/2023\/01\/photo_2023-01-23_16-32-45-1-225x300.jpg 225w\" sizes=\"auto, (max-width: 767px) 89vw, (max-width: 1000px) 54vw, (max-width: 1071px) 543px, 580px\" \/><\/figure>\n","protected":false},"excerpt":{"rendered":"<p>\u00c8 stata davvero una bella festa ieri per la parrocchia di Vernate, con la presenza di amici anche da Neggio e Cimo.<\/p>\n","protected":false},"author":1,"featured_media":876,"comment_status":"open","ping_status":"open","sticky":false,"template":"","format":"standard","meta":{"_monsterinsights_skip_tracking":false,"_monsterinsights_sitenote_active":false,"_monsterinsights_sitenote_note":"","_monsterinsights_sitenote_category":0,"footnotes":""},"categories":[21],"tags":[],"class_list":["post-865","post","type-post","status-publish","format-standard","has-post-thumbnail","hentry","category-vernate"],"aioseo_notices":[],"_links":{"self":[{"href":"https:\/\/dauncampanileallaltro.ch\/index.php?rest_route=\/wp\/v2\/posts\/865","targetHints":{"allow":["GET"]}}],"collection":[{"href":"https:\/\/dauncampanileallaltro.ch\/index.php?rest_route=\/wp\/v2\/posts"}],"about":[{"href":"https:\/\/dauncampanileallaltro.ch\/index.php?rest_route=\/wp\/v2\/types\/post"}],"author":[{"embeddable":true,"href":"https:\/\/dauncampanileallaltro.ch\/index.php?rest_route=\/wp\/v2\/users\/1"}],"replies":[{"embeddable":true,"href":"https:\/\/dauncampanileallaltro.ch\/index.php?rest_route=%2Fwp%2Fv2%2Fcomments&post=865"}],"version-history":[{"count":6,"href":"https:\/\/dauncampanileallaltro.ch\/index.php?rest_route=\/wp\/v2\/posts\/865\/revisions"}],"predecessor-version":[{"id":878,"href":"https:\/\/dauncampanileallaltro.ch\/index.php?rest_route=\/wp\/v2\/posts\/865\/revisions\/878"}],"wp:featuredmedia":[{"embeddable":true,"href":"https:\/\/dauncampanileallaltro.ch\/index.php?rest_route=\/wp\/v2\/media\/876"}],"wp:attachment":[{"href":"https:\/\/dauncampanileallaltro.ch\/index.php?rest_route=%2Fwp%2Fv2%2Fmedia&parent=865"}],"wp:term":[{"taxonomy":"category","embeddable":true,"href":"https:\/\/dauncampanileallaltro.ch\/index.php?rest_route=%2Fwp%2Fv2%2Fcategories&post=865"},{"taxonomy":"post_tag","embeddable":true,"href":"https:\/\/dauncampanileallaltro.ch\/index.php?rest_route=%2Fwp%2Fv2%2Ftags&post=865"}],"curies":[{"name":"wp","href":"https:\/\/api.w.org\/{rel}","templated":true}]}}