{"id":774,"date":"2022-12-31T17:36:24","date_gmt":"2022-12-31T15:36:24","guid":{"rendered":"https:\/\/dauncampanileallaltro.ch\/?p=774"},"modified":"2022-12-31T17:36:25","modified_gmt":"2022-12-31T15:36:25","slug":"epifania-2023","status":"publish","type":"post","link":"https:\/\/dauncampanileallaltro.ch\/?p=774","title":{"rendered":"Epifania 2023"},"content":{"rendered":"\n<p>Cari amici,<\/p>\n\n\n\n<p>vi trasmetto di seguito il messaggio del nostro amministratore apostolico Alain de Raemy per la morte (questa mattina) del Papa emerito Benedetto XVI. Insieme vi comunico anche gli orari delle Sante Messe per l&#8217;Epifania, il 6 gennaio 2023. Ancora auguri di buon anno a tutti voi.<\/p>\n\n\n\n<!--more-->\n\n\n\n<figure class=\"wp-block-image size-large\"><img loading=\"lazy\" decoding=\"async\" width=\"1024\" height=\"614\" src=\"https:\/\/dauncampanileallaltro.ch\/wp-content\/uploads\/2022\/12\/benedetto_xvi-1024x614.jpg\" alt=\"\" class=\"wp-image-779\" srcset=\"https:\/\/dauncampanileallaltro.ch\/wp-content\/uploads\/2022\/12\/benedetto_xvi-1024x614.jpg 1024w, https:\/\/dauncampanileallaltro.ch\/wp-content\/uploads\/2022\/12\/benedetto_xvi-300x180.jpg 300w, https:\/\/dauncampanileallaltro.ch\/wp-content\/uploads\/2022\/12\/benedetto_xvi-768x461.jpg 768w, https:\/\/dauncampanileallaltro.ch\/wp-content\/uploads\/2022\/12\/benedetto_xvi.jpg 1200w\" sizes=\"auto, (max-width: 767px) 89vw, (max-width: 1000px) 54vw, (max-width: 1071px) 543px, 580px\" \/><\/figure>\n\n\n\n<p><em>Carissime e Carissimi,<\/em><\/p>\n\n\n\n<p><em>Ho appreso con profonda tristezza della morte del nostro caro Papa emerito Benedetto. Oggi, per Lui, si compie il Suo pi\u00f9 grande desiderio: conoscere e vivere personalmente e in pienezza l\u2019Amore di Dio. Oggi si trova davanti al Signore, del quale diceva Lui stesso che \u201cnon \u00e8 solo il giudice giusto, ma al contempo l\u2019amico e il fratello che ha gi\u00e0 patito egli stesso le mie insufficienze e perci\u00f2, in quanto giudice, \u00e8 al contempo mio avvocato (Paraclito)\u201d.<\/em><\/p>\n\n\n\n<p><em>Ritengo che sia stato per noi un esempio di autentica umilt\u00e0, di fine intelligenza e di grande bont\u00e0 nel servire con assoluta dedizione la vigna del Signore. Ora, in quanto successore di Pietro, la sua missione di sostegno alla Chiesa continua anche in Cielo.<\/em><\/p>\n\n\n\n<p><em>Preghiamo per la Sua anima e affidiamoci a Lui, affinch\u00e9 prosegua in modo nuovo il Suo servizio alla Barca di Pietro.<\/em><\/p>\n\n\n\n<p><em>+ Alain de Raemy<\/em>, a<em>mministratore apostolico della Diocesi di Lugano<\/em><\/p>\n","protected":false},"excerpt":{"rendered":"<p>Cari amici, vi trasmetto di seguito il messaggio del nostro amministratore apostolico Alain de Raemy per la morte (questa mattina) del Papa emerito Benedetto XVI. Insieme vi comunico anche gli orari delle Sante Messe per l&#8217;Epifania, il 6 gennaio 2023. Ancora auguri di buon anno a tutti voi.<\/p>\n","protected":false},"author":1,"featured_media":780,"comment_status":"open","ping_status":"open","sticky":false,"template":"","format":"standard","meta":{"_monsterinsights_skip_tracking":false,"_monsterinsights_sitenote_active":false,"_monsterinsights_sitenote_note":"","_monsterinsights_sitenote_category":0,"footnotes":""},"categories":[25,23],"tags":[],"class_list":["post-774","post","type-post","status-publish","format-standard","has-post-thumbnail","hentry","category-diocesi","category-inter-parrocchiale"],"aioseo_notices":[],"_links":{"self":[{"href":"https:\/\/dauncampanileallaltro.ch\/index.php?rest_route=\/wp\/v2\/posts\/774","targetHints":{"allow":["GET"]}}],"collection":[{"href":"https:\/\/dauncampanileallaltro.ch\/index.php?rest_route=\/wp\/v2\/posts"}],"about":[{"href":"https:\/\/dauncampanileallaltro.ch\/index.php?rest_route=\/wp\/v2\/types\/post"}],"author":[{"embeddable":true,"href":"https:\/\/dauncampanileallaltro.ch\/index.php?rest_route=\/wp\/v2\/users\/1"}],"replies":[{"embeddable":true,"href":"https:\/\/dauncampanileallaltro.ch\/index.php?rest_route=%2Fwp%2Fv2%2Fcomments&post=774"}],"version-history":[{"count":2,"href":"https:\/\/dauncampanileallaltro.ch\/index.php?rest_route=\/wp\/v2\/posts\/774\/revisions"}],"predecessor-version":[{"id":781,"href":"https:\/\/dauncampanileallaltro.ch\/index.php?rest_route=\/wp\/v2\/posts\/774\/revisions\/781"}],"wp:featuredmedia":[{"embeddable":true,"href":"https:\/\/dauncampanileallaltro.ch\/index.php?rest_route=\/wp\/v2\/media\/780"}],"wp:attachment":[{"href":"https:\/\/dauncampanileallaltro.ch\/index.php?rest_route=%2Fwp%2Fv2%2Fmedia&parent=774"}],"wp:term":[{"taxonomy":"category","embeddable":true,"href":"https:\/\/dauncampanileallaltro.ch\/index.php?rest_route=%2Fwp%2Fv2%2Fcategories&post=774"},{"taxonomy":"post_tag","embeddable":true,"href":"https:\/\/dauncampanileallaltro.ch\/index.php?rest_route=%2Fwp%2Fv2%2Ftags&post=774"}],"curies":[{"name":"wp","href":"https:\/\/api.w.org\/{rel}","templated":true}]}}