{"id":765,"date":"2022-12-29T14:43:42","date_gmt":"2022-12-29T12:43:42","guid":{"rendered":"https:\/\/dauncampanileallaltro.ch\/?p=765"},"modified":"2022-12-29T14:45:41","modified_gmt":"2022-12-29T12:45:41","slug":"messaggio-di-mons-alain-de-raemy-ai-fedeli-della-diocesi-di-lugano","status":"publish","type":"post","link":"https:\/\/dauncampanileallaltro.ch\/?p=765","title":{"rendered":"Messaggio di mons. Alain de Raemy ai fedeli della Diocesi di Lugano"},"content":{"rendered":"\n<p>Carissime e Carissimi tutti,<\/p>\n\n\n\n<p>Al termine dell\u2019udienza generale del 28 dicembre u.s. Papa Francesco ha parlato del peggioramento dello stato di salute del nostro amato Papa emerito Benedetto. Ci ha invitati tutti alla preghiera per la Sua persona, &#8220;chiedendo al Signore che lo consoli, che lo sostenga in questa testimonianza di amore alla Chiesa, fino alla fine\u201d.<\/p>\n\n\n\n<!--more-->\n\n\n\n<p>Voglio farmi interprete di questo invito presso tutti Voi in Ticino: ammalati, anziani, bambini, giovani, sposi, famiglie, celibi, fidanzati, seminaristi, novizi, consacrati, diaconi, sacerdoti, cattolici e appartenenti ad altre confessioni e religioni, rifugiati, prigionieri e turisti; tutti voi che attualmente Vi trovate nella nostra Diocesi.<\/p>\n\n\n\n<p>Ritengo che non ci sia modo migliore di pregare per Lui, di essergli spiritualmente accanto, se non meditando le parole che Lui stesso ha scritto nello scorso febbraio, preparandosi proprio a questo momento della Sua vita:<\/p>\n\n\n\n<p><em>Ben presto mi trover\u00f2 di fronte al giudice ultimo della mia vita. Anche se nel guardare indietro alla mia lunga vita posso avere tanto motivo di spavento e paura, sono comunque con l\u2019animo lieto perch\u00e9 confido fermamente che il Signore non \u00e8 solo il giudice giusto, ma al contempo l\u2019amico e il fratello che ha gi\u00e0 patito egli stesso le mie insufficienze e perci\u00f2, in quanto giudice, \u00e8 al contempo mio avvocato (Paraclito). In vista dell\u2019ora del giudizio mi diviene cos\u00ec chiara la grazia dell\u2019essere cristiano. L\u2019essere cristiano mi dona la conoscenza, di pi\u00f9, l\u2019amicizia con il giudice della mia vita e mi consente di attraversare con fiducia la porta oscura della morte. In proposito mi ritorna di continuo in mente quello che Giovanni racconta all\u2019inizio dell\u2019Apocalisse: egli vede il Figlio dell\u2019uomo in tutta la sua grandezza e cade ai suoi piedi come morto. Ma Egli, posando su di lui la destra, gli dice: \u201cNon temere! Sono io\u2026\u201d (cfr. Ap 1,12-17).<\/em> (Estratto dalla Lettera del Papa emerito Benedetto XVI circa il rapporto sugli abusi nell\u2019Arcidiocesi di Monaco e Frisinga, 6 febbraio 2022)<\/p>\n\n\n\n<p>Santa Madre di Dio, Madonna del Sasso, prega per Lui e per tutti noi, adesso e nell\u2019ora della morte. Amen!<\/p>\n\n\n\n<p>+ Alain de Raemy, <em>Amministratore apostolico della Diocesi di Lugano<\/em><\/p>\n","protected":false},"excerpt":{"rendered":"<p>Carissime e Carissimi tutti, Al termine dell\u2019udienza generale del 28 dicembre u.s. Papa Francesco ha parlato del peggioramento dello stato di salute del nostro amato Papa emerito Benedetto. Ci ha invitati tutti alla preghiera per la Sua persona, &#8220;chiedendo al Signore che lo consoli, che lo sostenga in questa testimonianza di amore alla Chiesa, fino &hellip; <\/p>\n<p class=\"link-more\"><a href=\"https:\/\/dauncampanileallaltro.ch\/?p=765\" class=\"more-link\">Leggi tutto<span class=\"screen-reader-text\"> &#8220;Messaggio di mons. Alain de Raemy ai fedeli della Diocesi di Lugano&#8221;<\/span><\/a><\/p>\n","protected":false},"author":1,"featured_media":770,"comment_status":"open","ping_status":"open","sticky":false,"template":"","format":"standard","meta":{"_monsterinsights_skip_tracking":false,"_monsterinsights_sitenote_active":false,"_monsterinsights_sitenote_note":"","_monsterinsights_sitenote_category":0,"footnotes":""},"categories":[25],"tags":[],"class_list":["post-765","post","type-post","status-publish","format-standard","has-post-thumbnail","hentry","category-diocesi"],"aioseo_notices":[],"_links":{"self":[{"href":"https:\/\/dauncampanileallaltro.ch\/index.php?rest_route=\/wp\/v2\/posts\/765","targetHints":{"allow":["GET"]}}],"collection":[{"href":"https:\/\/dauncampanileallaltro.ch\/index.php?rest_route=\/wp\/v2\/posts"}],"about":[{"href":"https:\/\/dauncampanileallaltro.ch\/index.php?rest_route=\/wp\/v2\/types\/post"}],"author":[{"embeddable":true,"href":"https:\/\/dauncampanileallaltro.ch\/index.php?rest_route=\/wp\/v2\/users\/1"}],"replies":[{"embeddable":true,"href":"https:\/\/dauncampanileallaltro.ch\/index.php?rest_route=%2Fwp%2Fv2%2Fcomments&post=765"}],"version-history":[{"count":3,"href":"https:\/\/dauncampanileallaltro.ch\/index.php?rest_route=\/wp\/v2\/posts\/765\/revisions"}],"predecessor-version":[{"id":773,"href":"https:\/\/dauncampanileallaltro.ch\/index.php?rest_route=\/wp\/v2\/posts\/765\/revisions\/773"}],"wp:featuredmedia":[{"embeddable":true,"href":"https:\/\/dauncampanileallaltro.ch\/index.php?rest_route=\/wp\/v2\/media\/770"}],"wp:attachment":[{"href":"https:\/\/dauncampanileallaltro.ch\/index.php?rest_route=%2Fwp%2Fv2%2Fmedia&parent=765"}],"wp:term":[{"taxonomy":"category","embeddable":true,"href":"https:\/\/dauncampanileallaltro.ch\/index.php?rest_route=%2Fwp%2Fv2%2Fcategories&post=765"},{"taxonomy":"post_tag","embeddable":true,"href":"https:\/\/dauncampanileallaltro.ch\/index.php?rest_route=%2Fwp%2Fv2%2Ftags&post=765"}],"curies":[{"name":"wp","href":"https:\/\/api.w.org\/{rel}","templated":true}]}}