{"id":754,"date":"2022-12-28T14:55:15","date_gmt":"2022-12-28T12:55:15","guid":{"rendered":"https:\/\/dauncampanileallaltro.ch\/?p=754"},"modified":"2022-12-28T15:13:24","modified_gmt":"2022-12-28T13:13:24","slug":"buon-anno-e-una-sorpresa","status":"publish","type":"post","link":"https:\/\/dauncampanileallaltro.ch\/?p=754","title":{"rendered":"Buon Anno e&#8230; una sorpresa!"},"content":{"rendered":"\n<p>Nel condividere con voi gli appuntamenti dei prossimi giorni, vi porgo i miei pi\u00f9 cari auguri di Buon Anno!<\/p>\n\n\n\n<p>Il 31 dicembre 1999, a mezzanotte, san Giovanni Paolo II diceva al mondo nel suo messaggio di auguri:<\/p>\n\n\n\n<!--more-->\n\n\n\n<p><em>&#8220;Nel varcare la soglia del nuovo anno, mi piacerebbe bussare alla porta delle vostre case per recare a ciascuno il mio augurio cordiale: Buon Anno a tutti nella luce che da Betlemme si irradia sull&#8217;intero universo! Vi auguro un anno ricco di pace: la pace annunciata dagli Angeli nella Notte Santa; la pace di Cristo, che per amore si \u00e8 fatto fratello di ogni essere umano! Vi auguro un anno sereno e felice: vi accompagni la certezza che Dio ci ama.&#8221;<\/em><\/p>\n\n\n\n<p>Faccio mio questo augurio per voi e\u2026 vi anticipo una sorpresa!<\/p>\n\n\n\n<p><strong>Per il nuovo anno sto preparando un&#8217;iniziativa che spero porti grandi grazie alle nostre tre parrocchie e in tutte le nostre case e famiglie: una statua della Madonna Pellegrina di Lourdes chieder\u00e0 di essere accolta nella vostra casa, e cos\u00ec, di casa in casa, finch\u00e9 tutti quelli che lo desiderano la possano ricevere&#8230; Dopo le feste vi racconter\u00f2 nei particolari!<\/strong><\/p>\n\n\n\n<p>Ancora tanti auguri a tutti voi!<\/p>\n\n\n\n<p>don Simone<\/p>\n\n\n\n<figure class=\"wp-block-image size-large\"><img loading=\"lazy\" decoding=\"async\" width=\"683\" height=\"1024\" src=\"https:\/\/dauncampanileallaltro.ch\/wp-content\/uploads\/2022\/12\/3028-683x1024.jpg\" alt=\"\" class=\"wp-image-748\" srcset=\"https:\/\/dauncampanileallaltro.ch\/wp-content\/uploads\/2022\/12\/3028-683x1024.jpg 683w, https:\/\/dauncampanileallaltro.ch\/wp-content\/uploads\/2022\/12\/3028-200x300.jpg 200w, https:\/\/dauncampanileallaltro.ch\/wp-content\/uploads\/2022\/12\/3028-768x1152.jpg 768w, https:\/\/dauncampanileallaltro.ch\/wp-content\/uploads\/2022\/12\/3028-1024x1536.jpg 1024w, https:\/\/dauncampanileallaltro.ch\/wp-content\/uploads\/2022\/12\/3028-1365x2048.jpg 1365w, https:\/\/dauncampanileallaltro.ch\/wp-content\/uploads\/2022\/12\/3028-1320x1980.jpg 1320w, https:\/\/dauncampanileallaltro.ch\/wp-content\/uploads\/2022\/12\/3028-scaled.jpg 1707w\" sizes=\"auto, (max-width: 683px) 100vw, 683px\" \/><\/figure>\n","protected":false},"excerpt":{"rendered":"<p>Nel condividere con voi gli appuntamenti dei prossimi giorni, vi porgo i miei pi\u00f9 cari auguri di Buon Anno! Il 31 dicembre 1999, a mezzanotte, san Giovanni Paolo II diceva al mondo nel suo messaggio di auguri:<\/p>\n","protected":false},"author":1,"featured_media":758,"comment_status":"open","ping_status":"open","sticky":false,"template":"","format":"standard","meta":{"_monsterinsights_skip_tracking":false,"_monsterinsights_sitenote_active":false,"_monsterinsights_sitenote_note":"","_monsterinsights_sitenote_category":0,"footnotes":""},"categories":[23],"tags":[],"class_list":["post-754","post","type-post","status-publish","format-standard","has-post-thumbnail","hentry","category-inter-parrocchiale"],"aioseo_notices":[],"_links":{"self":[{"href":"https:\/\/dauncampanileallaltro.ch\/index.php?rest_route=\/wp\/v2\/posts\/754","targetHints":{"allow":["GET"]}}],"collection":[{"href":"https:\/\/dauncampanileallaltro.ch\/index.php?rest_route=\/wp\/v2\/posts"}],"about":[{"href":"https:\/\/dauncampanileallaltro.ch\/index.php?rest_route=\/wp\/v2\/types\/post"}],"author":[{"embeddable":true,"href":"https:\/\/dauncampanileallaltro.ch\/index.php?rest_route=\/wp\/v2\/users\/1"}],"replies":[{"embeddable":true,"href":"https:\/\/dauncampanileallaltro.ch\/index.php?rest_route=%2Fwp%2Fv2%2Fcomments&post=754"}],"version-history":[{"count":4,"href":"https:\/\/dauncampanileallaltro.ch\/index.php?rest_route=\/wp\/v2\/posts\/754\/revisions"}],"predecessor-version":[{"id":764,"href":"https:\/\/dauncampanileallaltro.ch\/index.php?rest_route=\/wp\/v2\/posts\/754\/revisions\/764"}],"wp:featuredmedia":[{"embeddable":true,"href":"https:\/\/dauncampanileallaltro.ch\/index.php?rest_route=\/wp\/v2\/media\/758"}],"wp:attachment":[{"href":"https:\/\/dauncampanileallaltro.ch\/index.php?rest_route=%2Fwp%2Fv2%2Fmedia&parent=754"}],"wp:term":[{"taxonomy":"category","embeddable":true,"href":"https:\/\/dauncampanileallaltro.ch\/index.php?rest_route=%2Fwp%2Fv2%2Fcategories&post=754"},{"taxonomy":"post_tag","embeddable":true,"href":"https:\/\/dauncampanileallaltro.ch\/index.php?rest_route=%2Fwp%2Fv2%2Ftags&post=754"}],"curies":[{"name":"wp","href":"https:\/\/api.w.org\/{rel}","templated":true}]}}