{"id":708,"date":"2022-12-14T23:31:52","date_gmt":"2022-12-14T21:31:52","guid":{"rendered":"https:\/\/dauncampanileallaltro.ch\/?p=708"},"modified":"2022-12-14T23:43:25","modified_gmt":"2022-12-14T21:43:25","slug":"il-natale-si-avvicina","status":"publish","type":"post","link":"https:\/\/dauncampanileallaltro.ch\/?p=708","title":{"rendered":"Il Natale si avvicina&#8230;"},"content":{"rendered":"\n<p>Cari amici,<\/p>\n\n\n\n<p>in questo Avvento sto avendo modo di conoscere pi\u00f9 da vicino la realt\u00e0 delle nostre parrocchie ed ho condiviso con molti di voi momenti gioiosi e di reciproca conoscenza. \u00c8 per me una gioia ed un arricchimento grande l&#8217;essere reso partecipe del vostro vissuto.<\/p>\n\n\n\n<p><strong>Vi confido che quest&#8217;anno attendo il Natale con una gioia ancora pi\u00f9 grande nel cuore, perch\u00e9 per la prima volta lo vivr\u00f2 insieme a tutti voi!<\/strong><\/p>\n\n\n\n<!--more-->\n\n\n\n<p>Siamo ormai vicini alla venuta di Ges\u00f9 Bambino&#8230; apriamo il cuore e lasciamoci ancora una volta stupire! Vi invito in particolare alla riconciliazione con il Signore, attraverso il sacramento della Confessione. A tal proposito vi ricordo che, marted\u00ec 20 dicembre, alle ore 20.00, ad Agno (in Collegiata) ci sar\u00e0 un momento di preghiera per aiutarci nell&#8217;esame di coscienza, e a seguire ci sar\u00e0 la possibilit\u00e0 delle confessioni individuali. Sar\u00f2 presente anche io, insieme agli altri parroci della nostra rete pastorale &#8220;San Provino&#8221;.<br><\/p>\n\n\n\n<p>Qui di seguito, invece, trovate i tanto attesi orari delle celebrazioni natalizie!<\/p>\n\n\n\n<p>Vi aspetto tutti e fin d&#8217;ora auguro a ciascuno di voi e alle vostre famiglie un sereno e santo Natale!<\/p>\n\n\n\n<div data-wp-interactive=\"core\/file\" class=\"wp-block-file\"><object data-wp-bind--hidden=\"!state.hasPdfPreview\" hidden class=\"wp-block-file__embed\" data=\"https:\/\/dauncampanileallaltro.ch\/wp-content\/uploads\/2022\/12\/orari_s.messe_Natale2022.pdf\" type=\"application\/pdf\" style=\"width:100%;height:600px\" aria-label=\"Incorporamento di orari_s.messe_Natale2022.\"><\/object><a id=\"wp-block-file--media-9566f9f1-e770-4afe-8843-80fded2d61f8\" href=\"https:\/\/dauncampanileallaltro.ch\/wp-content\/uploads\/2022\/12\/orari_s.messe_Natale2022.pdf\">orari_s.messe_Natale2022<\/a><a href=\"https:\/\/dauncampanileallaltro.ch\/wp-content\/uploads\/2022\/12\/orari_s.messe_Natale2022.pdf\" class=\"wp-block-file__button wp-element-button\" download aria-describedby=\"wp-block-file--media-9566f9f1-e770-4afe-8843-80fded2d61f8\">Download<\/a><\/div>\n\n\n\n<p><\/p>\n","protected":false},"excerpt":{"rendered":"<p>Cari amici, in questo Avvento sto avendo modo di conoscere pi\u00f9 da vicino la realt\u00e0 delle nostre parrocchie ed ho condiviso con molti di voi momenti gioiosi e di reciproca conoscenza. \u00c8 per me una gioia ed un arricchimento grande l&#8217;essere reso partecipe del vostro vissuto. Vi confido che quest&#8217;anno attendo il Natale con una &hellip; <\/p>\n<p class=\"link-more\"><a href=\"https:\/\/dauncampanileallaltro.ch\/?p=708\" class=\"more-link\">Leggi tutto<span class=\"screen-reader-text\"> &#8220;Il Natale si avvicina&#8230;&#8221;<\/span><\/a><\/p>\n","protected":false},"author":1,"featured_media":729,"comment_status":"open","ping_status":"open","sticky":false,"template":"","format":"standard","meta":{"_monsterinsights_skip_tracking":false,"_monsterinsights_sitenote_active":false,"_monsterinsights_sitenote_note":"","_monsterinsights_sitenote_category":0,"footnotes":""},"categories":[23,22,20,21],"tags":[],"class_list":["post-708","post","type-post","status-publish","format-standard","has-post-thumbnail","hentry","category-inter-parrocchiale","category-iseo-cimo","category-neggio","category-vernate"],"aioseo_notices":[],"_links":{"self":[{"href":"https:\/\/dauncampanileallaltro.ch\/index.php?rest_route=\/wp\/v2\/posts\/708","targetHints":{"allow":["GET"]}}],"collection":[{"href":"https:\/\/dauncampanileallaltro.ch\/index.php?rest_route=\/wp\/v2\/posts"}],"about":[{"href":"https:\/\/dauncampanileallaltro.ch\/index.php?rest_route=\/wp\/v2\/types\/post"}],"author":[{"embeddable":true,"href":"https:\/\/dauncampanileallaltro.ch\/index.php?rest_route=\/wp\/v2\/users\/1"}],"replies":[{"embeddable":true,"href":"https:\/\/dauncampanileallaltro.ch\/index.php?rest_route=%2Fwp%2Fv2%2Fcomments&post=708"}],"version-history":[{"count":4,"href":"https:\/\/dauncampanileallaltro.ch\/index.php?rest_route=\/wp\/v2\/posts\/708\/revisions"}],"predecessor-version":[{"id":736,"href":"https:\/\/dauncampanileallaltro.ch\/index.php?rest_route=\/wp\/v2\/posts\/708\/revisions\/736"}],"wp:featuredmedia":[{"embeddable":true,"href":"https:\/\/dauncampanileallaltro.ch\/index.php?rest_route=\/wp\/v2\/media\/729"}],"wp:attachment":[{"href":"https:\/\/dauncampanileallaltro.ch\/index.php?rest_route=%2Fwp%2Fv2%2Fmedia&parent=708"}],"wp:term":[{"taxonomy":"category","embeddable":true,"href":"https:\/\/dauncampanileallaltro.ch\/index.php?rest_route=%2Fwp%2Fv2%2Fcategories&post=708"},{"taxonomy":"post_tag","embeddable":true,"href":"https:\/\/dauncampanileallaltro.ch\/index.php?rest_route=%2Fwp%2Fv2%2Ftags&post=708"}],"curies":[{"name":"wp","href":"https:\/\/api.w.org\/{rel}","templated":true}]}}