{"id":666,"date":"2022-10-17T15:51:39","date_gmt":"2022-10-17T13:51:39","guid":{"rendered":"https:\/\/dauncampanileallaltro.ch\/?p=666"},"modified":"2022-10-17T15:53:05","modified_gmt":"2022-10-17T13:53:05","slug":"tutti-insieme-e-piu-bello","status":"publish","type":"post","link":"https:\/\/dauncampanileallaltro.ch\/?p=666","title":{"rendered":"Tutti insieme \u00e8 pi\u00f9 bello!"},"content":{"rendered":"\n<p>\u00c8 stato bello, cari amici, vedervi cos\u00ec numerosi a Neggio per la festa patronale in onore della Beata Vergine Maria del Rosario! Essere cos\u00ec numerosi e poter pregare insieme la nostra cara Madre \u00e8 qualcosa che ci rafforza nella fede.<\/p>\n\n\n\n<!--more-->\n\n\n\n<p>La fede \u00e8 qualcosa da vivere insieme, e vedere radunate diverse famiglie, cos\u00ec come amici non solo di Neggio ma anche dalle altre nostre due parrocchie di Vernate e Iseo-Cimo, \u00e8 stato un piccolo segno di speranza per il futuro che abbiamo davanti.<\/p>\n\n\n\n<p>Abbiamo la grazia di essere tre parrocchie &#8220;a misura d&#8217;uomo&#8221;, per le dimensioni contenute che ci permettono di vivere le relazioni tra noi in modo &#8220;familiare&#8221;. Ieri la Madonna del Rosario \u00e8 come se ci avesse invitato a pregare di pi\u00f9 insieme, per sentire meno la fatica, per essere pi\u00f9 uniti. Chi a casa in famiglia, chi con qualche amico, chi in chiesa con tutta la comunit\u00e0, preghiamo di pi\u00f9 insieme! Come ci ha saggiamente indicato san Giovanni Paolo II: &#8220;La famiglia che prega unita, resta unita&#8221;. E questo se vale per la famiglia, vale anche per gli amici e per tutte le nostre tre parrocchie!<\/p>\n","protected":false},"excerpt":{"rendered":"<p>\u00c8 stato bello, cari amici, vedervi cos\u00ec numerosi a Neggio per la festa patronale in onore della Beata Vergine Maria del Rosario! Essere cos\u00ec numerosi e poter pregare insieme la nostra cara Madre \u00e8 qualcosa che ci rafforza nella fede.<\/p>\n","protected":false},"author":1,"featured_media":672,"comment_status":"open","ping_status":"open","sticky":false,"template":"","format":"standard","meta":{"_monsterinsights_skip_tracking":false,"_monsterinsights_sitenote_active":false,"_monsterinsights_sitenote_note":"","_monsterinsights_sitenote_category":0,"footnotes":""},"categories":[23,20],"tags":[],"class_list":["post-666","post","type-post","status-publish","format-standard","has-post-thumbnail","hentry","category-inter-parrocchiale","category-neggio"],"aioseo_notices":[],"_links":{"self":[{"href":"https:\/\/dauncampanileallaltro.ch\/index.php?rest_route=\/wp\/v2\/posts\/666","targetHints":{"allow":["GET"]}}],"collection":[{"href":"https:\/\/dauncampanileallaltro.ch\/index.php?rest_route=\/wp\/v2\/posts"}],"about":[{"href":"https:\/\/dauncampanileallaltro.ch\/index.php?rest_route=\/wp\/v2\/types\/post"}],"author":[{"embeddable":true,"href":"https:\/\/dauncampanileallaltro.ch\/index.php?rest_route=\/wp\/v2\/users\/1"}],"replies":[{"embeddable":true,"href":"https:\/\/dauncampanileallaltro.ch\/index.php?rest_route=%2Fwp%2Fv2%2Fcomments&post=666"}],"version-history":[{"count":7,"href":"https:\/\/dauncampanileallaltro.ch\/index.php?rest_route=\/wp\/v2\/posts\/666\/revisions"}],"predecessor-version":[{"id":676,"href":"https:\/\/dauncampanileallaltro.ch\/index.php?rest_route=\/wp\/v2\/posts\/666\/revisions\/676"}],"wp:featuredmedia":[{"embeddable":true,"href":"https:\/\/dauncampanileallaltro.ch\/index.php?rest_route=\/wp\/v2\/media\/672"}],"wp:attachment":[{"href":"https:\/\/dauncampanileallaltro.ch\/index.php?rest_route=%2Fwp%2Fv2%2Fmedia&parent=666"}],"wp:term":[{"taxonomy":"category","embeddable":true,"href":"https:\/\/dauncampanileallaltro.ch\/index.php?rest_route=%2Fwp%2Fv2%2Fcategories&post=666"},{"taxonomy":"post_tag","embeddable":true,"href":"https:\/\/dauncampanileallaltro.ch\/index.php?rest_route=%2Fwp%2Fv2%2Ftags&post=666"}],"curies":[{"name":"wp","href":"https:\/\/api.w.org\/{rel}","templated":true}]}}