{"id":654,"date":"2022-10-10T15:50:25","date_gmt":"2022-10-10T13:50:25","guid":{"rendered":"https:\/\/dauncampanileallaltro.ch\/?p=654"},"modified":"2022-10-10T16:04:50","modified_gmt":"2022-10-10T14:04:50","slug":"grazie-don-valerio","status":"publish","type":"post","link":"https:\/\/dauncampanileallaltro.ch\/?p=654","title":{"rendered":"Grazie don Valerio"},"content":{"rendered":"\n<p>Si potrebbero fare tanti discorsi davanti a quello che oggi ci \u00e8 stato ufficialmente comunicato. Prima ancora delle parole per\u00f2, ci\u00f2 che si muove dentro sono le tante e contrastanti emozioni. Un Vescovo \u00e8 padre, pastore, e lo pu\u00f2 essere in molti modi. Non esagero col dire che la scelta comunicata oggi dal nostro amato don Valerio non \u00e8 meno paterna di tante altre scelte che in questi nove anni di episcopato ce lo hanno fatto sentire vicino!<\/p>\n\n\n\n<!--more-->\n\n\n\n<p>Lo Spirito Santo ci parla anche cos\u00ec, attraverso le dimissioni di un Vescovo. Ci vuole coraggio a fare un passo indietro e oggi mons. Valerio ci insegna forse la cosa pi\u00f9 importante di tutte. Scrive nel suo messaggio: \u201cHo cercato in questi anni di fare riferimento solo a Lui, di parlarvi solo di Lui, di portarvi a Lui, distogliendo da me il pi\u00f9 possibile il Vostro sguardo. <strong>Non lasciate che questo momento Vi distragga da Lui.<\/strong>\u201d Questa frase penso incarni al meglio l\u2019eredit\u00e0 che il nostro caro Vescovo ha voluto lasciarci.<\/p>\n\n\n\n<p>Vivere da cristiani senza mettere al centro Ges\u00f9, \u00e8 follia. Oggi mi chiedo se come cristiani siamo esclusivamente rivolti ad organizzare tante attivit\u00e0, chiamandole poi \u201cpastorale\u201d, oppure crediamo davvero che \u00e8 la nostra persona a doversi trasformare in luce e sale. Nulla pu\u00f2 essere sostituito dalla nostra persona, laico o prete che sia. La fatica di cui ci ha parlato mons. Valerio \u00e8 certamente legata alla sua specifica persona, tuttavia mi interpella \u2013 in primis come sacerdote \u2013 &nbsp;a chiedermi se per caso non sia diventato un <em>event manager<\/em> che cerca solo di &#8220;organizzare&#8221; la luce. Assisto un po\u2019 a livello generale a un rincorrersi di teorie, sistemi, ricerche, e mi dico: ma non rischiamo cos\u00ec di perdere la cosa pi\u00f9 preziosa: riconoscere il tempo in cui siamo visitati? (cfr. Lc 19,41-44)<\/p>\n\n\n\n<p>Alla resa dei conti, Ges\u00f9 ci chieder\u00e0 forse titoli, risultati, successi, numeri, oppure soltanto: <em>hai amato sempre, tutti?<\/em> Abbiamo un\u2019infinit\u00e0 di strumenti per sapere cosa accadr\u00e0 fra un\u2019ora, due ore, che tempo far\u00e0, e fatichiamo invece a riconoscere la presenza del Signore. Lui \u00e8 presente e noi, i suoi discepoli, non lo sappiamo vedere.<\/p>\n\n\n\n<p>Quando le forze in campo sono poche \u2013 e oggi nella Chiesa assistiamo sempre pi\u00f9 a questa emorragia dei suoi figli \u2013 sbagliare battaglia diventa fatale. Grazie don Valerio perch\u00e9 la tua rinuncia al governo della Diocesi di Lugano contiene in qualche modo anche una <strong>denuncia<\/strong>: il rischio reale di non saper pi\u00f9 leggere la Presenza di Dio in mezzo a noi.<\/p>\n\n\n\n<p>Siamo tutti presi dalle cose da fare; abbiamo ancora il tempo di incontrarci veramente?<\/p>\n\n\n\n<p>Proprio oggi sono andato a trovare una signora anziana malata. Entrato in casa regnava il silenzio, c\u2019era solo lei. La tentazione di tenere sottocchio l\u2019orologio era forte, avevo solo mezzora! Ma ad un tratto \u00e8 stato come se il tempo si fosse fermato e in quel momento ho capito: avevamo iniziato ad incontrarci veramente. E Dio era l\u00ec ad incontrare noi.<\/p>\n\n\n\n<p>Caro mons. Valerio, ti ringraziamo per tutto quello che ci hai donato e ti auguriamo ogni Bene per il proseguimento del tuo cammino. Come ci hai promesso tu, anche noi ti promettiamo di continuare a tenere saldo il vincolo che ci unisce per sempre a te, padre, fratello e amico.<\/p>\n","protected":false},"excerpt":{"rendered":"<p>Si potrebbero fare tanti discorsi davanti a quello che oggi ci \u00e8 stato ufficialmente comunicato. Prima ancora delle parole per\u00f2, ci\u00f2 che si muove dentro sono le tante e contrastanti emozioni. Un Vescovo \u00e8 padre, pastore, e lo pu\u00f2 essere in molti modi. Non esagero col dire che la scelta comunicata oggi dal nostro amato &hellip; <\/p>\n<p class=\"link-more\"><a href=\"https:\/\/dauncampanileallaltro.ch\/?p=654\" class=\"more-link\">Leggi tutto<span class=\"screen-reader-text\"> &#8220;Grazie don Valerio&#8221;<\/span><\/a><\/p>\n","protected":false},"author":1,"featured_media":655,"comment_status":"open","ping_status":"open","sticky":false,"template":"","format":"standard","meta":{"_monsterinsights_skip_tracking":false,"_monsterinsights_sitenote_active":false,"_monsterinsights_sitenote_note":"","_monsterinsights_sitenote_category":0,"footnotes":""},"categories":[25],"tags":[],"class_list":["post-654","post","type-post","status-publish","format-standard","has-post-thumbnail","hentry","category-diocesi"],"aioseo_notices":[],"_links":{"self":[{"href":"https:\/\/dauncampanileallaltro.ch\/index.php?rest_route=\/wp\/v2\/posts\/654","targetHints":{"allow":["GET"]}}],"collection":[{"href":"https:\/\/dauncampanileallaltro.ch\/index.php?rest_route=\/wp\/v2\/posts"}],"about":[{"href":"https:\/\/dauncampanileallaltro.ch\/index.php?rest_route=\/wp\/v2\/types\/post"}],"author":[{"embeddable":true,"href":"https:\/\/dauncampanileallaltro.ch\/index.php?rest_route=\/wp\/v2\/users\/1"}],"replies":[{"embeddable":true,"href":"https:\/\/dauncampanileallaltro.ch\/index.php?rest_route=%2Fwp%2Fv2%2Fcomments&post=654"}],"version-history":[{"count":4,"href":"https:\/\/dauncampanileallaltro.ch\/index.php?rest_route=\/wp\/v2\/posts\/654\/revisions"}],"predecessor-version":[{"id":659,"href":"https:\/\/dauncampanileallaltro.ch\/index.php?rest_route=\/wp\/v2\/posts\/654\/revisions\/659"}],"wp:featuredmedia":[{"embeddable":true,"href":"https:\/\/dauncampanileallaltro.ch\/index.php?rest_route=\/wp\/v2\/media\/655"}],"wp:attachment":[{"href":"https:\/\/dauncampanileallaltro.ch\/index.php?rest_route=%2Fwp%2Fv2%2Fmedia&parent=654"}],"wp:term":[{"taxonomy":"category","embeddable":true,"href":"https:\/\/dauncampanileallaltro.ch\/index.php?rest_route=%2Fwp%2Fv2%2Fcategories&post=654"},{"taxonomy":"post_tag","embeddable":true,"href":"https:\/\/dauncampanileallaltro.ch\/index.php?rest_route=%2Fwp%2Fv2%2Ftags&post=654"}],"curies":[{"name":"wp","href":"https:\/\/api.w.org\/{rel}","templated":true}]}}