{"id":328,"date":"2022-09-19T15:27:50","date_gmt":"2022-09-19T13:27:50","guid":{"rendered":"https:\/\/dauncampanileallaltro.ch\/?p=328"},"modified":"2022-09-26T15:22:25","modified_gmt":"2022-09-26T13:22:25","slug":"paese-che-vai-storie-che-trovi","status":"publish","type":"post","link":"https:\/\/dauncampanileallaltro.ch\/?p=328","title":{"rendered":"Paese che vai&#8230; storie che trovi!"},"content":{"rendered":"\n<p>Buongiorno a tutti cari amici delle Parrocchie di Vernate, Neggio, Cimo e Iseo!<\/p>\n\n\n\n<p>Vi chiederete il perch\u00e9 di un sito internet, ma soprattutto il perch\u00e9 di questo nome &#8220;Da un campanile all&#8217;altro&#8221;.  Sono andato un po&#8217; a spulciare la vostra storia e ho trovato un passato ricco di iniziative e di vita. Tra le tante belle cose, ho scoperto questi bollettini parrocchiali intitolati &#8220;Da un campanile all&#8217;altro&#8221; &#8211; risalenti al 1977 &#8211; che gi\u00e0 univano insieme sotto un unico parroco le vostre comunit\u00e0. Cos\u00ec mi son detto: perch\u00e9 non riprendere questo nome, per dare ad un nuovo inizio tutto il sapore di una storia che continua?<\/p>\n\n\n\n<!--more-->\n\n\n\n<p>Pensare oggi ad una pubblicazione cartacea del bollettino parrocchiale per una realt\u00e0 piccola come la nostra \u00e8 difficile, tenuto conto dei costi sempre pi\u00f9 elevati di stampa e di gestione. So dell&#8217;esistenza del gruppo whatsapp e del profilo facebook delle parrocchie, ma ritengo che questi canali, seppur molto utili, non siano universalmente utilizzati per ricevere le informazioni. Da qui la necessit\u00e0 per me, in qualit\u00e0 di vostro parroco, di avere un modo per comunicarvi facilmente e frequentemente notizie e iniziative e per avere una piattaforma in cui pubblicare foto e altro materiale ufficiale da condividere con tutti.<\/p>\n\n\n\n<p>Vi invito pertanto ad inserire il vostro indirizzo e-mail qui sulla destra, per rimanere informati di tutti gli aggiornamenti pubblicati sul sito. Ogni volta che sar\u00e0 aggiunto un articolo o un contenuto, riceverete una mail di avviso!<\/p>\n\n\n\n<p>Nella speranza di offrire un servizio a voi gradito, vi saluto e benedico,<\/p>\n\n\n\n<p>Don Simone<\/p>\n\n\n\n<p><\/p>\n\n\n\n<p><em>P.S: qui di seguito vi lascio un articolo apparso su &#8220;Da un campanile all&#8217;altro&#8221; del mese di maggio del 1977 scritto da Don Fumasoli, parroco di allora.<\/em><\/p>\n\n\n\n<figure class=\"wp-block-image size-large\"><a href=\"https:\/\/dauncampanileallaltro.ch\/wp-content\/uploads\/2022\/09\/IMG_20220919_145418-1-1024x768.jpg\" target=\"_blank\" rel=\"noreferrer noopener\"><img loading=\"lazy\" decoding=\"async\" width=\"1024\" height=\"768\" src=\"https:\/\/dauncampanileallaltro.ch\/wp-content\/uploads\/2022\/09\/IMG_20220919_145418-1-1024x768.jpg\" alt=\"\" class=\"wp-image-331\" srcset=\"https:\/\/dauncampanileallaltro.ch\/wp-content\/uploads\/2022\/09\/IMG_20220919_145418-1-1024x768.jpg 1024w, https:\/\/dauncampanileallaltro.ch\/wp-content\/uploads\/2022\/09\/IMG_20220919_145418-1-300x225.jpg 300w, https:\/\/dauncampanileallaltro.ch\/wp-content\/uploads\/2022\/09\/IMG_20220919_145418-1-768x576.jpg 768w, https:\/\/dauncampanileallaltro.ch\/wp-content\/uploads\/2022\/09\/IMG_20220919_145418-1-1536x1152.jpg 1536w, https:\/\/dauncampanileallaltro.ch\/wp-content\/uploads\/2022\/09\/IMG_20220919_145418-1-2048x1536.jpg 2048w\" sizes=\"auto, (max-width: 767px) 89vw, (max-width: 1000px) 54vw, (max-width: 1071px) 543px, 580px\" \/><\/a><\/figure>\n\n\n\n<p> <\/p>\n\n\n\n<figure class=\"wp-block-image size-large\"><a href=\"https:\/\/dauncampanileallaltro.ch\/wp-content\/uploads\/2022\/09\/0013_001-725x1024.jpg\" target=\"_blank\" rel=\"noreferrer noopener\"><img loading=\"lazy\" decoding=\"async\" width=\"725\" height=\"1024\" src=\"https:\/\/dauncampanileallaltro.ch\/wp-content\/uploads\/2022\/09\/0013_001-725x1024.jpg\" alt=\"\" class=\"wp-image-334\" srcset=\"https:\/\/dauncampanileallaltro.ch\/wp-content\/uploads\/2022\/09\/0013_001-725x1024.jpg 725w, https:\/\/dauncampanileallaltro.ch\/wp-content\/uploads\/2022\/09\/0013_001-212x300.jpg 212w, https:\/\/dauncampanileallaltro.ch\/wp-content\/uploads\/2022\/09\/0013_001-768x1085.jpg 768w, https:\/\/dauncampanileallaltro.ch\/wp-content\/uploads\/2022\/09\/0013_001-1088x1536.jpg 1088w, https:\/\/dauncampanileallaltro.ch\/wp-content\/uploads\/2022\/09\/0013_001-1450x2048.jpg 1450w, https:\/\/dauncampanileallaltro.ch\/wp-content\/uploads\/2022\/09\/0013_001-scaled.jpg 1813w\" sizes=\"auto, (max-width: 725px) 100vw, 725px\" \/><\/a><\/figure>\n","protected":false},"excerpt":{"rendered":"<p>Buongiorno a tutti cari amici delle Parrocchie di Vernate, Neggio, Cimo e Iseo! Vi chiederete il perch\u00e9 di un sito internet, ma soprattutto il perch\u00e9 di questo nome &#8220;Da un campanile all&#8217;altro&#8221;. Sono andato un po&#8217; a spulciare la vostra storia e ho trovato un passato ricco di iniziative e di vita. Tra le tante &hellip; <\/p>\n<p class=\"link-more\"><a href=\"https:\/\/dauncampanileallaltro.ch\/?p=328\" class=\"more-link\">Leggi tutto<span class=\"screen-reader-text\"> &#8220;Paese che vai&#8230; storie che trovi!&#8221;<\/span><\/a><\/p>\n","protected":false},"author":1,"featured_media":330,"comment_status":"open","ping_status":"open","sticky":false,"template":"","format":"standard","meta":{"_monsterinsights_skip_tracking":false,"_monsterinsights_sitenote_active":false,"_monsterinsights_sitenote_note":"","_monsterinsights_sitenote_category":0,"footnotes":""},"categories":[23],"tags":[],"class_list":["post-328","post","type-post","status-publish","format-standard","has-post-thumbnail","hentry","category-inter-parrocchiale"],"aioseo_notices":[],"_links":{"self":[{"href":"https:\/\/dauncampanileallaltro.ch\/index.php?rest_route=\/wp\/v2\/posts\/328","targetHints":{"allow":["GET"]}}],"collection":[{"href":"https:\/\/dauncampanileallaltro.ch\/index.php?rest_route=\/wp\/v2\/posts"}],"about":[{"href":"https:\/\/dauncampanileallaltro.ch\/index.php?rest_route=\/wp\/v2\/types\/post"}],"author":[{"embeddable":true,"href":"https:\/\/dauncampanileallaltro.ch\/index.php?rest_route=\/wp\/v2\/users\/1"}],"replies":[{"embeddable":true,"href":"https:\/\/dauncampanileallaltro.ch\/index.php?rest_route=%2Fwp%2Fv2%2Fcomments&post=328"}],"version-history":[{"count":7,"href":"https:\/\/dauncampanileallaltro.ch\/index.php?rest_route=\/wp\/v2\/posts\/328\/revisions"}],"predecessor-version":[{"id":419,"href":"https:\/\/dauncampanileallaltro.ch\/index.php?rest_route=\/wp\/v2\/posts\/328\/revisions\/419"}],"wp:featuredmedia":[{"embeddable":true,"href":"https:\/\/dauncampanileallaltro.ch\/index.php?rest_route=\/wp\/v2\/media\/330"}],"wp:attachment":[{"href":"https:\/\/dauncampanileallaltro.ch\/index.php?rest_route=%2Fwp%2Fv2%2Fmedia&parent=328"}],"wp:term":[{"taxonomy":"category","embeddable":true,"href":"https:\/\/dauncampanileallaltro.ch\/index.php?rest_route=%2Fwp%2Fv2%2Fcategories&post=328"},{"taxonomy":"post_tag","embeddable":true,"href":"https:\/\/dauncampanileallaltro.ch\/index.php?rest_route=%2Fwp%2Fv2%2Ftags&post=328"}],"curies":[{"name":"wp","href":"https:\/\/api.w.org\/{rel}","templated":true}]}}