{"id":2736,"date":"2025-09-27T12:46:06","date_gmt":"2025-09-27T10:46:06","guid":{"rendered":"https:\/\/dauncampanileallaltro.ch\/?p=2736"},"modified":"2025-09-27T13:08:07","modified_gmt":"2025-09-27T11:08:07","slug":"adorazione-eucaristica-e-recita-del-santo-rosario","status":"publish","type":"post","link":"https:\/\/dauncampanileallaltro.ch\/?p=2736","title":{"rendered":"Adorazione eucaristica e recita del Santo Rosario"},"content":{"rendered":"\n<figure class=\"wp-block-image size-full\"><img loading=\"lazy\" decoding=\"async\" width=\"602\" height=\"340\" src=\"https:\/\/dauncampanileallaltro.ch\/wp-content\/uploads\/2025\/09\/Adorazioneeucaristica-.jpg\" alt=\"\" class=\"wp-image-2743\" srcset=\"https:\/\/dauncampanileallaltro.ch\/wp-content\/uploads\/2025\/09\/Adorazioneeucaristica-.jpg 602w, https:\/\/dauncampanileallaltro.ch\/wp-content\/uploads\/2025\/09\/Adorazioneeucaristica--300x169.jpg 300w\" sizes=\"auto, (max-width: 602px) 100vw, 602px\" \/><\/figure>\n\n\n\n<p>A partire da gioved\u00ec 2 ottobre 2025, nella Chiesa dei SS. Rocco e Sebastiano di Vernate, si terr\u00e0 ogni gioved\u00ec un momento di adorazione e recita del Santo Rosario, prima della Santa Messa delle ore 08:30.<\/p>\n\n\n\n<p>Inoltre, c\u2019\u00e8 la possibilit\u00e0, per chi lo desidera, di accostarsi al Sacramento della Riconciliazione prima o dopo la Messa di ogni gioved\u00ec.<\/p>\n\n\n\n<p>Invitiamo tutta la comunit\u00e0 a partecipare con fede e raccoglimento a questo appuntamento settimanale di preghiera.<\/p>\n\n\n\n<p>Il Parroco<br>Padre&nbsp;Matteo&nbsp;Olickal<\/p>\n","protected":false},"excerpt":{"rendered":"<p>A partire da gioved\u00ec 2 ottobre 2025, nella Chiesa dei SS. Rocco e Sebastiano di Vernate, si terr\u00e0 ogni gioved\u00ec un momento di adorazione e recita del Santo Rosario, prima della Santa Messa delle ore 08:30. Inoltre, c\u2019\u00e8 la possibilit\u00e0, per chi lo desidera, di accostarsi al Sacramento della Riconciliazione prima o dopo la Messa &hellip; <\/p>\n<p class=\"link-more\"><a href=\"https:\/\/dauncampanileallaltro.ch\/?p=2736\" class=\"more-link\">Leggi tutto<span class=\"screen-reader-text\"> &#8220;Adorazione eucaristica e recita del Santo Rosario&#8221;<\/span><\/a><\/p>\n","protected":false},"author":2,"featured_media":0,"comment_status":"open","ping_status":"open","sticky":false,"template":"","format":"standard","meta":{"_monsterinsights_skip_tracking":false,"_monsterinsights_sitenote_active":false,"_monsterinsights_sitenote_note":"","_monsterinsights_sitenote_category":0,"footnotes":""},"categories":[34,23,35,21],"tags":[],"class_list":["post-2736","post","type-post","status-publish","format-standard","hentry","category-adorazione","category-inter-parrocchiale","category-rosario","category-vernate"],"aioseo_notices":[],"_links":{"self":[{"href":"https:\/\/dauncampanileallaltro.ch\/index.php?rest_route=\/wp\/v2\/posts\/2736","targetHints":{"allow":["GET"]}}],"collection":[{"href":"https:\/\/dauncampanileallaltro.ch\/index.php?rest_route=\/wp\/v2\/posts"}],"about":[{"href":"https:\/\/dauncampanileallaltro.ch\/index.php?rest_route=\/wp\/v2\/types\/post"}],"author":[{"embeddable":true,"href":"https:\/\/dauncampanileallaltro.ch\/index.php?rest_route=\/wp\/v2\/users\/2"}],"replies":[{"embeddable":true,"href":"https:\/\/dauncampanileallaltro.ch\/index.php?rest_route=%2Fwp%2Fv2%2Fcomments&post=2736"}],"version-history":[{"count":2,"href":"https:\/\/dauncampanileallaltro.ch\/index.php?rest_route=\/wp\/v2\/posts\/2736\/revisions"}],"predecessor-version":[{"id":2744,"href":"https:\/\/dauncampanileallaltro.ch\/index.php?rest_route=\/wp\/v2\/posts\/2736\/revisions\/2744"}],"wp:attachment":[{"href":"https:\/\/dauncampanileallaltro.ch\/index.php?rest_route=%2Fwp%2Fv2%2Fmedia&parent=2736"}],"wp:term":[{"taxonomy":"category","embeddable":true,"href":"https:\/\/dauncampanileallaltro.ch\/index.php?rest_route=%2Fwp%2Fv2%2Fcategories&post=2736"},{"taxonomy":"post_tag","embeddable":true,"href":"https:\/\/dauncampanileallaltro.ch\/index.php?rest_route=%2Fwp%2Fv2%2Ftags&post=2736"}],"curies":[{"name":"wp","href":"https:\/\/api.w.org\/{rel}","templated":true}]}}