{"id":2658,"date":"2025-03-26T22:03:36","date_gmt":"2025-03-26T20:03:36","guid":{"rendered":"https:\/\/dauncampanileallaltro.ch\/?p=2658"},"modified":"2025-03-26T22:44:45","modified_gmt":"2025-03-26T20:44:45","slug":"comunicazione-importante","status":"publish","type":"post","link":"https:\/\/dauncampanileallaltro.ch\/?p=2658","title":{"rendered":"Comunicazione IMPORTANTE"},"content":{"rendered":"\n<p>Cari amici, sono passati due anni e mezzo da quel 4 settembre 2022, giorno in cui celebravo la mia prima Santa Messa in mezzo a voi. Dopo aver vissuto 15 anni in convento come frate, desideravo sperimentare un altro modo di vivere il ministero sacerdotale. Cos\u00ec sono stato inviato per essere il vostro parroco e io ci ho messo il cuore, in tutto! Il Signore mi ha donato voi per compiere un tratto di strada fondamentale della mia vita. Ho provato tanta gioia nello stare in mezzo a voi ed ho conosciuto persone stupende. Ho avuto l&#8217;onore di collaborare con persone che mi hanno mostrato il volto del servizio offerto con umilt\u00e0 e amore. Le foto presenti su questo sito testimoniano tanta bellezza vissuta insieme!<br>Ci sono state anche delle fatiche ma queste hanno reso pi\u00f9 autentico l\u2019amore.<br>Tre anni sono quasi passati e questo era il tempo che mi veniva concesso per il discernimento. Ed eccomi qui, a prendere una decisione sul proseguo.<br>A malincuore vi comunico che il 31 marzo lascer\u00f2 l\u2019amministrazione delle nostre parrocchie, in quanto ho chiesto di poter svolgere il mio ministero sacerdotale nella diocesi di Verona, gi\u00e0 conosciuta qualche anno fa.<br>Seppure sia naturale un po\u2019 di disorientamento causato dalla mia prematura partenza, sono certo che chi mi vuole bene sapr\u00e0 comprenderla. Vorrei tanto mostrarvi come questa partenza non sia un abbandono ma il segno concreto di una sincera e profonda appartenenza al Signore: s\u00ec, perch\u00e9 un sacerdote non si appartiene e non appartiene alla sua gente, se non per fede.<br>Vi incoraggio a camminare con speranza. Il S\u00cc di Maria ha la forza di cambiare tante cose dentro di noi. Guardiamo a Lei, la Santa Madre, per compiere ogni giorno ci\u00f2 che piace a Dio.<br>Il 29-30 marzo ci saranno due Sante Messe di saluto. Sabato 29 marzo alle 17.30 nella chiesa di Santa Maria in Iseo e domenica 30 marzo alle 10.00 nella chiesa di Neggio. Spero di vedervi tutti in una di queste due occasioni per salutarvi personalmente!<br>Vi auguro di rendere le nostre parrocchie sempre pi\u00f9 attraenti con la bellezza della preghiera e la gioia della carit\u00e0 fraterna.<br>Vi ringrazio dal profondo del cuore per avermi donato molto pi\u00f9 di quanto possiate immaginare.<br>Con affetto e gratitudine,<br>don Simone<\/p>\n","protected":false},"excerpt":{"rendered":"<p>Cari amici, sono passati due anni e mezzo da quel 4 settembre 2022, giorno in cui celebravo la mia prima Santa Messa in mezzo a voi. Dopo aver vissuto 15 anni in convento come frate, desideravo sperimentare un altro modo di vivere il ministero sacerdotale. Cos\u00ec sono stato inviato per essere il vostro parroco e &hellip; <\/p>\n<p class=\"link-more\"><a href=\"https:\/\/dauncampanileallaltro.ch\/?p=2658\" class=\"more-link\">Leggi tutto<span class=\"screen-reader-text\"> &#8220;Comunicazione IMPORTANTE&#8221;<\/span><\/a><\/p>\n","protected":false},"author":1,"featured_media":2135,"comment_status":"open","ping_status":"open","sticky":false,"template":"","format":"standard","meta":{"_monsterinsights_skip_tracking":false,"_monsterinsights_sitenote_active":false,"_monsterinsights_sitenote_note":"","_monsterinsights_sitenote_category":0,"footnotes":""},"categories":[23,22,20,21],"tags":[],"class_list":["post-2658","post","type-post","status-publish","format-standard","has-post-thumbnail","hentry","category-inter-parrocchiale","category-iseo-cimo","category-neggio","category-vernate"],"aioseo_notices":[],"_links":{"self":[{"href":"https:\/\/dauncampanileallaltro.ch\/index.php?rest_route=\/wp\/v2\/posts\/2658","targetHints":{"allow":["GET"]}}],"collection":[{"href":"https:\/\/dauncampanileallaltro.ch\/index.php?rest_route=\/wp\/v2\/posts"}],"about":[{"href":"https:\/\/dauncampanileallaltro.ch\/index.php?rest_route=\/wp\/v2\/types\/post"}],"author":[{"embeddable":true,"href":"https:\/\/dauncampanileallaltro.ch\/index.php?rest_route=\/wp\/v2\/users\/1"}],"replies":[{"embeddable":true,"href":"https:\/\/dauncampanileallaltro.ch\/index.php?rest_route=%2Fwp%2Fv2%2Fcomments&post=2658"}],"version-history":[{"count":3,"href":"https:\/\/dauncampanileallaltro.ch\/index.php?rest_route=\/wp\/v2\/posts\/2658\/revisions"}],"predecessor-version":[{"id":2661,"href":"https:\/\/dauncampanileallaltro.ch\/index.php?rest_route=\/wp\/v2\/posts\/2658\/revisions\/2661"}],"wp:featuredmedia":[{"embeddable":true,"href":"https:\/\/dauncampanileallaltro.ch\/index.php?rest_route=\/wp\/v2\/media\/2135"}],"wp:attachment":[{"href":"https:\/\/dauncampanileallaltro.ch\/index.php?rest_route=%2Fwp%2Fv2%2Fmedia&parent=2658"}],"wp:term":[{"taxonomy":"category","embeddable":true,"href":"https:\/\/dauncampanileallaltro.ch\/index.php?rest_route=%2Fwp%2Fv2%2Fcategories&post=2658"},{"taxonomy":"post_tag","embeddable":true,"href":"https:\/\/dauncampanileallaltro.ch\/index.php?rest_route=%2Fwp%2Fv2%2Ftags&post=2658"}],"curies":[{"name":"wp","href":"https:\/\/api.w.org\/{rel}","templated":true}]}}