{"id":2626,"date":"2025-02-23T17:08:06","date_gmt":"2025-02-23T15:08:06","guid":{"rendered":"https:\/\/dauncampanileallaltro.ch\/?p=2626"},"modified":"2025-02-23T22:08:30","modified_gmt":"2025-02-23T20:08:30","slug":"una-serata-dedicata-alla-speranza","status":"publish","type":"post","link":"https:\/\/dauncampanileallaltro.ch\/?p=2626","title":{"rendered":"Una serata dedicata alla\u2026 speranza!"},"content":{"rendered":"\n<p>In un tempo segnato da incertezze e inquietudini, il Centro Culturale della Svizzera Italiana, in collaborazione con la Diocesi di Lugano, promuove un incontro di riflessione sulla speranza, in occasione del Giubileo indetto da papa Francesco. L\u2019evento, intitolato \u00abQualcuno ci ha mai promesso qualcosa? E allora perch\u00e9 attendiamo?\u00bb, si terr\u00e0 marted\u00ec 25 febbraio alle 20.45 nella Sala B del Palazzo dei Congressi di Lugano e vedr\u00e0 la partecipazione di mons. Alain de Raemy, Amministratore apostolico della Diocesi di Lugano, e di don Paolo Prosperi, docente di teologia presso la Pontificia Universit\u00e0 Santa Croce a Roma.<\/p>\n\n\n\n<!--more-->\n\n\n\n<p>La serata si inserisce nel percorso del Giubileo della Speranza, un invito rivolto a tutti a \u00abrianimare la speranza\u00bb, come indicato dal Papa nella Bolla&nbsp;<em>Spes non confundit<\/em>.<\/p>\n\n\n\n<p>\u00abL\u2019intento dell\u2019incontro \u2013 spiega infatti Michele Cantoni del Centro Culturale \u2013 \u00e8 comprendere quale sia l\u2019invito del Papa e su quali basi si fondi la speranza cristiana. La scelta del titolo, tratto da un verso di Cesare Pavese, vuole mettere in luce proprio questa tensione tra attesa e promessa, una domanda che risuona nell\u2019animo di tutti e che il Papa stesso riprende all\u2019inizio della Bolla: \u201cTutti sperano. Nel cuore di ogni persona \u00e8 racchiusa la speranza come desiderio e attesa del bene\u201d\u00bb.<\/p>\n\n\n\n<p>La scelta degli ospiti della serata riflette il desiderio di offrire un dialogo profondo e stimolante. Mons. Alain de Raemy, guida della Diocesi di Lugano, porter\u00e0 la prospettiva pastorale su questo tema essenziale. Don Paolo Prosperi, autore del libro \u00abMistero dei misteri. La speranza secondo P\u00e9guy\u00bb, offrir\u00e0 invece una riflessione teologica basata sul pensiero dello scrittore francese, per il quale la speranza \u00e8 \u00abla pi\u00f9 piccola delle virt\u00f9, ma la pi\u00f9 gradita a Dio\u00bb.<\/p>\n\n\n\n<p>\u00abCon alcuni amici ho letto il suo libro e siamo rimasti tutti affascinati \u2013 racconta Cantoni \u2013 tanto da partecipare agli esercizi spirituali da lui predicati sul tema della speranza, un\u2019esperienza che ci ha confermato la sua capacit\u00e0 di comunicare la profondit\u00e0 di questo tema\u00bb.<\/p>\n\n\n\n<p>Testo tratto da <a href=\"https:\/\/catt.ch\/newsi\/speranza-cristiana-un-dibattito\" target=\"_blank\" rel=\"noopener\" title=\"\">catt.ch<\/a> <\/p>\n","protected":false},"excerpt":{"rendered":"<p>In un tempo segnato da incertezze e inquietudini, il Centro Culturale della Svizzera Italiana, in collaborazione con la Diocesi di Lugano, promuove un incontro di riflessione sulla speranza, in occasione del Giubileo indetto da papa Francesco. L\u2019evento, intitolato \u00abQualcuno ci ha mai promesso qualcosa? E allora perch\u00e9 attendiamo?\u00bb, si terr\u00e0 marted\u00ec 25 febbraio alle 20.45 &hellip; <\/p>\n<p class=\"link-more\"><a href=\"https:\/\/dauncampanileallaltro.ch\/?p=2626\" class=\"more-link\">Leggi tutto<span class=\"screen-reader-text\"> &#8220;Una serata dedicata alla\u2026 speranza!&#8221;<\/span><\/a><\/p>\n","protected":false},"author":1,"featured_media":2627,"comment_status":"open","ping_status":"open","sticky":false,"template":"","format":"standard","meta":{"_monsterinsights_skip_tracking":false,"_monsterinsights_sitenote_active":false,"_monsterinsights_sitenote_note":"","_monsterinsights_sitenote_category":0,"footnotes":""},"categories":[25],"tags":[],"class_list":["post-2626","post","type-post","status-publish","format-standard","has-post-thumbnail","hentry","category-diocesi"],"aioseo_notices":[],"_links":{"self":[{"href":"https:\/\/dauncampanileallaltro.ch\/index.php?rest_route=\/wp\/v2\/posts\/2626","targetHints":{"allow":["GET"]}}],"collection":[{"href":"https:\/\/dauncampanileallaltro.ch\/index.php?rest_route=\/wp\/v2\/posts"}],"about":[{"href":"https:\/\/dauncampanileallaltro.ch\/index.php?rest_route=\/wp\/v2\/types\/post"}],"author":[{"embeddable":true,"href":"https:\/\/dauncampanileallaltro.ch\/index.php?rest_route=\/wp\/v2\/users\/1"}],"replies":[{"embeddable":true,"href":"https:\/\/dauncampanileallaltro.ch\/index.php?rest_route=%2Fwp%2Fv2%2Fcomments&post=2626"}],"version-history":[{"count":3,"href":"https:\/\/dauncampanileallaltro.ch\/index.php?rest_route=\/wp\/v2\/posts\/2626\/revisions"}],"predecessor-version":[{"id":2637,"href":"https:\/\/dauncampanileallaltro.ch\/index.php?rest_route=\/wp\/v2\/posts\/2626\/revisions\/2637"}],"wp:featuredmedia":[{"embeddable":true,"href":"https:\/\/dauncampanileallaltro.ch\/index.php?rest_route=\/wp\/v2\/media\/2627"}],"wp:attachment":[{"href":"https:\/\/dauncampanileallaltro.ch\/index.php?rest_route=%2Fwp%2Fv2%2Fmedia&parent=2626"}],"wp:term":[{"taxonomy":"category","embeddable":true,"href":"https:\/\/dauncampanileallaltro.ch\/index.php?rest_route=%2Fwp%2Fv2%2Fcategories&post=2626"},{"taxonomy":"post_tag","embeddable":true,"href":"https:\/\/dauncampanileallaltro.ch\/index.php?rest_route=%2Fwp%2Fv2%2Ftags&post=2626"}],"curies":[{"name":"wp","href":"https:\/\/api.w.org\/{rel}","templated":true}]}}