{"id":2611,"date":"2025-02-23T16:06:53","date_gmt":"2025-02-23T14:06:53","guid":{"rendered":"https:\/\/dauncampanileallaltro.ch\/?p=2611"},"modified":"2025-02-23T16:19:22","modified_gmt":"2025-02-23T14:19:22","slug":"collegiata-di-agno-come-chiesa-giubilare","status":"publish","type":"post","link":"https:\/\/dauncampanileallaltro.ch\/?p=2611","title":{"rendered":"Collegiata di Agno come chiesa giubilare"},"content":{"rendered":"\n<p>In occasione del Giubileo e del fatto che la Collegiata di Agno \u00e8 l&#8217;unica chiesa del nostro Vicariato scelta dall&#8217;Amministratore Apostolico come &#8220;chiesa giubilare&#8221;, tutti i sabato mattina, secondo il calendario che segue, dalle 10.30 alle 11.45 sar\u00e0 esposto il Santissimo Sacramento e sar\u00e0 garantita la presenza di un sacerdote per le confessioni. \u00c8 una preziosa opportunit\u00e0 da cogliere!<\/p>\n\n\n\n<figure class=\"wp-block-image size-large\"><a href=\"https:\/\/dauncampanileallaltro.ch\/wp-content\/uploads\/2025\/02\/591012cf-abc0-46a9-83f3-25fe09d4b87b_page-0001-1.jpg\"><img loading=\"lazy\" decoding=\"async\" width=\"1024\" height=\"725\" src=\"https:\/\/dauncampanileallaltro.ch\/wp-content\/uploads\/2025\/02\/591012cf-abc0-46a9-83f3-25fe09d4b87b_page-0001-1-1024x725.jpg\" alt=\"\" class=\"wp-image-2612\" srcset=\"https:\/\/dauncampanileallaltro.ch\/wp-content\/uploads\/2025\/02\/591012cf-abc0-46a9-83f3-25fe09d4b87b_page-0001-1-1024x725.jpg 1024w, https:\/\/dauncampanileallaltro.ch\/wp-content\/uploads\/2025\/02\/591012cf-abc0-46a9-83f3-25fe09d4b87b_page-0001-1-300x212.jpg 300w, https:\/\/dauncampanileallaltro.ch\/wp-content\/uploads\/2025\/02\/591012cf-abc0-46a9-83f3-25fe09d4b87b_page-0001-1-768x543.jpg 768w, https:\/\/dauncampanileallaltro.ch\/wp-content\/uploads\/2025\/02\/591012cf-abc0-46a9-83f3-25fe09d4b87b_page-0001-1-1536x1087.jpg 1536w, https:\/\/dauncampanileallaltro.ch\/wp-content\/uploads\/2025\/02\/591012cf-abc0-46a9-83f3-25fe09d4b87b_page-0001-1-1320x934.jpg 1320w, https:\/\/dauncampanileallaltro.ch\/wp-content\/uploads\/2025\/02\/591012cf-abc0-46a9-83f3-25fe09d4b87b_page-0001-1.jpg 1754w\" sizes=\"auto, (max-width: 767px) 89vw, (max-width: 1000px) 54vw, (max-width: 1071px) 543px, 580px\" \/><\/a><\/figure>\n","protected":false},"excerpt":{"rendered":"<p>In occasione del Giubileo e del fatto che la Collegiata di Agno \u00e8 l&#8217;unica chiesa del nostro Vicariato scelta dall&#8217;Amministratore Apostolico come &#8220;chiesa giubilare&#8221;, tutti i sabato mattina, secondo il calendario che segue, dalle 10.30 alle 11.45 sar\u00e0 esposto il Santissimo Sacramento e sar\u00e0 garantita la presenza di un sacerdote per le confessioni. \u00c8 una &hellip; <\/p>\n<p class=\"link-more\"><a href=\"https:\/\/dauncampanileallaltro.ch\/?p=2611\" class=\"more-link\">Leggi tutto<span class=\"screen-reader-text\"> &#8220;Collegiata di Agno come chiesa giubilare&#8221;<\/span><\/a><\/p>\n","protected":false},"author":1,"featured_media":0,"comment_status":"open","ping_status":"open","sticky":false,"template":"","format":"standard","meta":{"_monsterinsights_skip_tracking":false,"_monsterinsights_sitenote_active":false,"_monsterinsights_sitenote_note":"","_monsterinsights_sitenote_category":0,"footnotes":""},"categories":[31],"tags":[],"class_list":["post-2611","post","type-post","status-publish","format-standard","hentry","category-vicariato"],"aioseo_notices":[],"_links":{"self":[{"href":"https:\/\/dauncampanileallaltro.ch\/index.php?rest_route=\/wp\/v2\/posts\/2611","targetHints":{"allow":["GET"]}}],"collection":[{"href":"https:\/\/dauncampanileallaltro.ch\/index.php?rest_route=\/wp\/v2\/posts"}],"about":[{"href":"https:\/\/dauncampanileallaltro.ch\/index.php?rest_route=\/wp\/v2\/types\/post"}],"author":[{"embeddable":true,"href":"https:\/\/dauncampanileallaltro.ch\/index.php?rest_route=\/wp\/v2\/users\/1"}],"replies":[{"embeddable":true,"href":"https:\/\/dauncampanileallaltro.ch\/index.php?rest_route=%2Fwp%2Fv2%2Fcomments&post=2611"}],"version-history":[{"count":1,"href":"https:\/\/dauncampanileallaltro.ch\/index.php?rest_route=\/wp\/v2\/posts\/2611\/revisions"}],"predecessor-version":[{"id":2613,"href":"https:\/\/dauncampanileallaltro.ch\/index.php?rest_route=\/wp\/v2\/posts\/2611\/revisions\/2613"}],"wp:attachment":[{"href":"https:\/\/dauncampanileallaltro.ch\/index.php?rest_route=%2Fwp%2Fv2%2Fmedia&parent=2611"}],"wp:term":[{"taxonomy":"category","embeddable":true,"href":"https:\/\/dauncampanileallaltro.ch\/index.php?rest_route=%2Fwp%2Fv2%2Fcategories&post=2611"},{"taxonomy":"post_tag","embeddable":true,"href":"https:\/\/dauncampanileallaltro.ch\/index.php?rest_route=%2Fwp%2Fv2%2Ftags&post=2611"}],"curies":[{"name":"wp","href":"https:\/\/api.w.org\/{rel}","templated":true}]}}