{"id":2462,"date":"2024-09-10T11:58:45","date_gmt":"2024-09-10T09:58:45","guid":{"rendered":"https:\/\/dauncampanileallaltro.ch\/?p=2462"},"modified":"2024-09-10T11:58:46","modified_gmt":"2024-09-10T09:58:46","slug":"la-madonna-pellegrina-rimane-tra-noi","status":"publish","type":"post","link":"https:\/\/dauncampanileallaltro.ch\/?p=2462","title":{"rendered":"La Madonna pellegrina rimane tra noi"},"content":{"rendered":"\n<p>La Madonna Pellegrina, dopo la pausa estiva, riprende il suo pellegrinare per le case delle nostre parrocchie. Chi volesse accoglierla, pu\u00f2 contattare Rosa (di Vernate) al numero: +41 76 501 10 09. Rosa si occuper\u00e0 di gestire i turni e di provvedere che gli scambi tra una famiglia e l&#8217;altra vadano a buon fine.<\/p>\n\n\n\n<p>Per questo nuovo anno pastorale, ci sar\u00e0 la possibilit\u00e0 di tenere la Madonnina a casa per 2 settimane consecutive, anzich\u00e9 una, da domenica alla seconda domenica successiva. Se qualcuno volesse tenerla solo per una settimana, basta specificarlo a Rosa.<\/p>\n\n\n\n<p>Da domenica 8 settembre a domenica 29 giugno ci sono 21 intervalli di due settimane ciascuno. Significa che almeno 21 diverse famiglie potranno accogliere la Madonna pellegrina. Se la richiesta dovesse essere superiore, si valuter\u00e0 di ridurre il tempo di permanenza a una sola settimana, cos\u00ec da dare la possibilit\u00e0 a tutti quelli che lo desiderano di riceverla.<\/p>\n\n\n\n<p>Viene anche indetto un piccolo concorso (la cui premiazione sar\u00e0 verso la fine di giugno 2025). Chiunque ospita nella sua casa la Madonna pellegrina potr\u00e0 (se lo desidera) inviare all&#8217;indirizzo mail <em>info@dauncampanileallaltro.ch<\/em> al massimo una foto della Madonnina nel luogo in cui la statua viene &#8220;posta&#8221; nella casa. Tutte le foto ricevute saranno pubblicate in giugno 2025 sul sito della parrocchia e verr\u00e0 indetta una votazione per eleggere quella pi\u00f9 bella, tenendo conto della location (sfondo, luogo, ecc), delle decorazioni (fiori, candele, ecc) e di quanto la foto suscita l&#8217;atmosfera della preghiera.<\/p>\n\n\n\n<p>Ecco un esempio di foto che una famiglia di voi l&#8217;anno scorso mi aveva inviato! Dio vi benedica per l&#8217;intercessione della Sua Santissima Madre!<\/p>\n\n\n\n<figure class=\"wp-block-image size-large\"><a href=\"https:\/\/dauncampanileallaltro.ch\/wp-content\/uploads\/2024\/09\/photo_2024-09-10_11-00-30.jpg\"><img loading=\"lazy\" decoding=\"async\" width=\"768\" height=\"1024\" src=\"https:\/\/dauncampanileallaltro.ch\/wp-content\/uploads\/2024\/09\/photo_2024-09-10_11-00-30-768x1024.jpg\" alt=\"\" class=\"wp-image-2463\" srcset=\"https:\/\/dauncampanileallaltro.ch\/wp-content\/uploads\/2024\/09\/photo_2024-09-10_11-00-30-768x1024.jpg 768w, https:\/\/dauncampanileallaltro.ch\/wp-content\/uploads\/2024\/09\/photo_2024-09-10_11-00-30-225x300.jpg 225w, https:\/\/dauncampanileallaltro.ch\/wp-content\/uploads\/2024\/09\/photo_2024-09-10_11-00-30.jpg 960w\" sizes=\"auto, (max-width: 767px) 89vw, (max-width: 1000px) 54vw, (max-width: 1071px) 543px, 580px\" \/><\/a><\/figure>\n","protected":false},"excerpt":{"rendered":"<p>La Madonna Pellegrina, dopo la pausa estiva, riprende il suo pellegrinare per le case delle nostre parrocchie. Chi volesse accoglierla, pu\u00f2 contattare Rosa (di Vernate) al numero: +41 76 501 10 09. Rosa si occuper\u00e0 di gestire i turni e di provvedere che gli scambi tra una famiglia e l&#8217;altra vadano a buon fine. Per &hellip; <\/p>\n<p class=\"link-more\"><a href=\"https:\/\/dauncampanileallaltro.ch\/?p=2462\" class=\"more-link\">Leggi tutto<span class=\"screen-reader-text\"> &#8220;La Madonna pellegrina rimane tra noi&#8221;<\/span><\/a><\/p>\n","protected":false},"author":1,"featured_media":1379,"comment_status":"open","ping_status":"open","sticky":false,"template":"","format":"standard","meta":{"_monsterinsights_skip_tracking":false,"_monsterinsights_sitenote_active":false,"_monsterinsights_sitenote_note":"","_monsterinsights_sitenote_category":0,"footnotes":""},"categories":[23],"tags":[],"class_list":["post-2462","post","type-post","status-publish","format-standard","has-post-thumbnail","hentry","category-inter-parrocchiale"],"aioseo_notices":[],"_links":{"self":[{"href":"https:\/\/dauncampanileallaltro.ch\/index.php?rest_route=\/wp\/v2\/posts\/2462","targetHints":{"allow":["GET"]}}],"collection":[{"href":"https:\/\/dauncampanileallaltro.ch\/index.php?rest_route=\/wp\/v2\/posts"}],"about":[{"href":"https:\/\/dauncampanileallaltro.ch\/index.php?rest_route=\/wp\/v2\/types\/post"}],"author":[{"embeddable":true,"href":"https:\/\/dauncampanileallaltro.ch\/index.php?rest_route=\/wp\/v2\/users\/1"}],"replies":[{"embeddable":true,"href":"https:\/\/dauncampanileallaltro.ch\/index.php?rest_route=%2Fwp%2Fv2%2Fcomments&post=2462"}],"version-history":[{"count":2,"href":"https:\/\/dauncampanileallaltro.ch\/index.php?rest_route=\/wp\/v2\/posts\/2462\/revisions"}],"predecessor-version":[{"id":2465,"href":"https:\/\/dauncampanileallaltro.ch\/index.php?rest_route=\/wp\/v2\/posts\/2462\/revisions\/2465"}],"wp:featuredmedia":[{"embeddable":true,"href":"https:\/\/dauncampanileallaltro.ch\/index.php?rest_route=\/wp\/v2\/media\/1379"}],"wp:attachment":[{"href":"https:\/\/dauncampanileallaltro.ch\/index.php?rest_route=%2Fwp%2Fv2%2Fmedia&parent=2462"}],"wp:term":[{"taxonomy":"category","embeddable":true,"href":"https:\/\/dauncampanileallaltro.ch\/index.php?rest_route=%2Fwp%2Fv2%2Fcategories&post=2462"},{"taxonomy":"post_tag","embeddable":true,"href":"https:\/\/dauncampanileallaltro.ch\/index.php?rest_route=%2Fwp%2Fv2%2Ftags&post=2462"}],"curies":[{"name":"wp","href":"https:\/\/api.w.org\/{rel}","templated":true}]}}