{"id":235,"date":"2022-09-04T15:00:00","date_gmt":"2022-09-04T13:00:00","guid":{"rendered":"https:\/\/dauncampanileallaltro.ch\/?p=235"},"modified":"2022-09-23T16:39:25","modified_gmt":"2022-09-23T14:39:25","slug":"omelia-della-s-messa-di-inizio","status":"publish","type":"post","link":"https:\/\/dauncampanileallaltro.ch\/?p=235","title":{"rendered":"Omelia della S. Messa di inizio"},"content":{"rendered":"\n<p>Una cosa che mi ha sempre colpito fin da ragazzo \u00e8 come la liturgia della Parola accompagni sapientemente gli eventi della vita, non solo personali ma anche quelli di un\u2019intera comunit\u00e0.<\/p>\n\n\n\n<p>Oggi iniziamo un nuovo cammino insieme. Le nostre storie, le nostre vite si incontrano.<\/p>\n\n\n\n<p>Oggi per qualcuno, penso per molti, c\u2019\u00e8 curiosit\u00e0 per cercare di intuire subito com\u2019\u00e8 il nuovo parroco. S\u00ec, mi sembra di vedere tutte le vostre belle e lecite aspettative\u2026<\/p>\n\n\n\n<!--more-->\n\n\n\n<p>Dentro tutto questo, cosa ci dice Ges\u00f9 nel Vangelo di questa domenica? \u00c8 una Parola forte quella che il Signore ci consegna oggi.<\/p>\n\n\n\n<p>Vuole forse Ges\u00f9 rovinarci la festa?<\/p>\n\n\n\n<p>Sono sicuro di no, e come dicevo all\u2019inizio, mi stupisco di come la Parola di Dio letta nella liturgia ogni volta \u201cparli\u201d alle situazioni che ci troviamo a vivere.<\/p>\n\n\n\n<p>Nel Vangelo appena ascoltato troviamo come una costante: c&#8217;\u00e8 sempre qualcosa che deve venire &#8220;prima di tutto&#8221;, per far s\u00ec che tutto sia al posto giusto.<\/p>\n\n\n\n<p>Ges\u00f9 viene oggi a ricordarci che il &#8220;prima di tutto e tutti&#8221; \u00e8 proprio Lui, e lo sottolinea anche la posizione da cui parla alla folla: &#8220;Egli si volt\u00f2&#8221; perch\u00e9 si trovava davanti a loro.<\/p>\n\n\n\n<p>Il Maestro ci precede, cammina con noi, \u00e8 davanti a noi. Lui \u00e8 Pastore.<\/p>\n\n\n\n<p>E ci chiede una semplice cosa: \u201camarlo di pi\u00f9\u201d.<\/p>\n\n\n\n<p>In questo amore privilegiato per Lui non c\u2019\u00e8 la logica del disprezzo di tutto il resto, bens\u00ec la logica di non voler mai trasformare chi si ama (o ci\u00f2 che si ama) nel proprio dio.<\/p>\n\n\n\n<p>A Cristo non fa problema se amiamo un padre, una madre, un figlio, un fratello, un cane, se abbiamo un hobby; ma se questo amore diventa talmente tanto intenso da fermare la vita, da assorbirla tutta, da condizionarla fino al punto di non riuscire pi\u00f9 a capire ci\u00f2 che vale da ci\u00f2 che non vale.<\/p>\n\n\n\n<p>Dio non \u00e8 Colui se non ha l\u2019esclusiva allora si arrabbia, ma la sua \u00e8 la preoccupazione di chi sa che solo Lui pu\u00f2 salvarci, <strong>e che quando vogliamo farci salvare da altre cose che non sono Dio\u2026 molto spesso rimaniamo male e con le ossa rotte.<\/strong><\/p>\n\n\n\n<p>Allora, per tirare un po\u2019 le somme, interpreto cos\u00ec il messaggio che oggi Dio ci dona attraverso la sua Parola.<\/p>\n\n\n\n<p><strong>Nel giorno in cui siamo un po\u2019 tutti curiosi di capire cosa cambier\u00e0 e cosa non cambier\u00e0 nella parrocchia\u2026 Ges\u00f9 non chiede di cambiare le cose ma di cambiare se stessi\u2026 Sposta l\u2019attenzione su ci\u00f2 che \u00e8 essenziale.<\/strong><\/p>\n\n\n\n<p>Il problema non \u00e8 fare cose, farne altre o non farne, ma lasciarsi portare; \u00e8 Dio che porta in avanti i suoi disegni in noi. Come dice la Beata Vergine Maria, Dio abbatte i superbi e innalza gli umili. Prende la cosa piccola che \u00e8 in noi e la consola e prende tutti gli inganni &#8211; tutte le maschere che abbiamo in testa \u2013 e ci libera. Lasciarsi lavorare da Dio, lasciarsi correggere, essere disposto costantemente ad apprendere, a crescere. Lasciarsi cambiare, questo \u00e8 il punto!<\/p>\n\n\n\n<p>Io so che sono venuto qui con voi per lasciarmi cambiare. Aspetto che quello che succede qui mi far\u00e0 crescere. C\u2019\u00e8 una cosa bella in me che Dio vuole tirare fuori. Tutta la vita sono le doglie di un parto, di qualcosa che deve venire alla luce, che \u00e8 l\u2019opera di Dio in me.<\/p>\n\n\n\n<p>E questo valga anche per voi. Attraverso questa nuova sfida lasciatevi cambiare da Dio, perch\u00e9 tiri fuori tanta bellezza che ancora \u00e8 dentro sepolta, come prigioniera.<\/p>\n\n\n\n<p>Arriva il tempo di lasciare che Dio mi cambi anche attraverso il fratello o la sorella della mia comunit\u00e0 parrocchiale, o della comunit\u00e0 parrocchiale vicina. Lasciare che Dio mi cambi attraverso mio marito, mia moglie, i miei figli.<\/p>\n\n\n\n<p>E questo non significa diventare come loro mi vogliono o fare quello che loro mi dicono, ma lasciare che l\u2019incontro con l\u2019altro mi tocchi veramente il cuore. La compassione, il perdono, l\u2019accoglienza!<\/p>\n\n\n\n<p>Questo \u00e8 possibile solo se siamo poveri, che non significa \u2013 come dicevamo prima \u2013 essere privi di beni o di affetti, ma nel cercare Dio come l\u2019unico Bene. Non significa mancare di qualcosa ma essere pronti a condividere ci\u00f2 che si ha e ci\u00f2 che si \u00e8.<\/p>\n\n\n\n<p>Stiamo vivendo il tempo della scelta fra egoismo e generosit\u00e0, tra ripiegamento su noi stessi e sulle nostre cose o disponibilit\u00e0 ad essere dono. Se uno ha delle competenze, dei talenti\u2026 li metta a disposizione per tutti!<\/p>\n\n\n\n<p>Don Simone<\/p>\n","protected":false},"excerpt":{"rendered":"<p>Una cosa che mi ha sempre colpito fin da ragazzo \u00e8 come la liturgia della Parola accompagni sapientemente gli eventi della vita, non solo personali ma anche quelli di un\u2019intera comunit\u00e0. Oggi iniziamo un nuovo cammino insieme. Le nostre storie, le nostre vite si incontrano. Oggi per qualcuno, penso per molti, c\u2019\u00e8 curiosit\u00e0 per cercare &hellip; <\/p>\n<p class=\"link-more\"><a href=\"https:\/\/dauncampanileallaltro.ch\/?p=235\" class=\"more-link\">Leggi tutto<span class=\"screen-reader-text\"> &#8220;Omelia della S. Messa di inizio&#8221;<\/span><\/a><\/p>\n","protected":false},"author":1,"featured_media":318,"comment_status":"open","ping_status":"open","sticky":false,"template":"","format":"standard","meta":{"_monsterinsights_skip_tracking":false,"_monsterinsights_sitenote_active":false,"_monsterinsights_sitenote_note":"","_monsterinsights_sitenote_category":0,"footnotes":""},"categories":[23],"tags":[],"class_list":["post-235","post","type-post","status-publish","format-standard","has-post-thumbnail","hentry","category-inter-parrocchiale"],"aioseo_notices":[],"_links":{"self":[{"href":"https:\/\/dauncampanileallaltro.ch\/index.php?rest_route=\/wp\/v2\/posts\/235","targetHints":{"allow":["GET"]}}],"collection":[{"href":"https:\/\/dauncampanileallaltro.ch\/index.php?rest_route=\/wp\/v2\/posts"}],"about":[{"href":"https:\/\/dauncampanileallaltro.ch\/index.php?rest_route=\/wp\/v2\/types\/post"}],"author":[{"embeddable":true,"href":"https:\/\/dauncampanileallaltro.ch\/index.php?rest_route=\/wp\/v2\/users\/1"}],"replies":[{"embeddable":true,"href":"https:\/\/dauncampanileallaltro.ch\/index.php?rest_route=%2Fwp%2Fv2%2Fcomments&post=235"}],"version-history":[{"count":6,"href":"https:\/\/dauncampanileallaltro.ch\/index.php?rest_route=\/wp\/v2\/posts\/235\/revisions"}],"predecessor-version":[{"id":340,"href":"https:\/\/dauncampanileallaltro.ch\/index.php?rest_route=\/wp\/v2\/posts\/235\/revisions\/340"}],"wp:featuredmedia":[{"embeddable":true,"href":"https:\/\/dauncampanileallaltro.ch\/index.php?rest_route=\/wp\/v2\/media\/318"}],"wp:attachment":[{"href":"https:\/\/dauncampanileallaltro.ch\/index.php?rest_route=%2Fwp%2Fv2%2Fmedia&parent=235"}],"wp:term":[{"taxonomy":"category","embeddable":true,"href":"https:\/\/dauncampanileallaltro.ch\/index.php?rest_route=%2Fwp%2Fv2%2Fcategories&post=235"},{"taxonomy":"post_tag","embeddable":true,"href":"https:\/\/dauncampanileallaltro.ch\/index.php?rest_route=%2Fwp%2Fv2%2Ftags&post=235"}],"curies":[{"name":"wp","href":"https:\/\/api.w.org\/{rel}","templated":true}]}}