{"id":2168,"date":"2024-04-10T11:20:44","date_gmt":"2024-04-10T09:20:44","guid":{"rendered":"https:\/\/dauncampanileallaltro.ch\/?p=2168"},"modified":"2024-04-10T11:21:38","modified_gmt":"2024-04-10T09:21:38","slug":"pellegrinaggio-diocesano-lunedi-di-pentecoste-2024","status":"publish","type":"post","link":"https:\/\/dauncampanileallaltro.ch\/?p=2168","title":{"rendered":"Pellegrinaggio diocesano &#8211; Luned\u00ec di\u00a0Pentecoste\u00a02024"},"content":{"rendered":"\n<p>L&#8217;invito dalla Diocesi al Pellegrinaggio diocesano del luned\u00ec di Pentecoste:<\/p>\n\n\n\n<!--more-->\n\n\n\n<p><em>Carissimi,<\/em> <em>da molti anni la Diocesi organizza un pellegrinaggio diocesano di un giorno: un momento semplice di fraternit\u00e0 e di sinodalit\u00e0. Siamo in molti a ricordare le giornate passate insieme a Einsiedeln, al Ranft, a Re, a Brescia, a Sotto il Monte\u2026<\/em><\/p>\n\n\n\n<p><em>Quest\u2019anno intendiamo ritornare insieme a Milano. Un pellegrinaggio gi\u00e0 vissuto negli anni passati sia con Mons. Torti, sia con Mons. Grampa. Ricordate ? Eravamo in mille!<\/em><\/p>\n\n\n\n<p><em>Negli ultimi anni, a causa della pandemia, la partecipazione a questo pellegrinaggio diocesano \u00e8 stata volutamente ristretta.<\/em><\/p>\n\n\n\n<p><em>Vorremmo riprendere numeri pi\u00f9 importanti. Un piccolo gruppo organizzativo che si \u00e8 dato il nome \u00ab e20 \u00bb, laici e preti della Diocesi, ha preparato un programma \u00ab ecologico, economico, ecclesiale \u00bb, per favorire la partecipazione di pi\u00f9 persone. Dall\u2019esperienza positiva del pellegrinaggio in treno al San Gottardo (1. agosto) \u00e8 nata l\u2019idea di andare in pellegrinaggio in treno alla tomba di Sant\u2019Ambrogio a Milano, ricorrendo il 1650.mo anniversario dell\u2019ordinazione episcopale del patrono secondario della nostra Diocesi.<\/em><\/p>\n\n\n\n<p><em>Un treno partir\u00e0 da Locarno e un altro da Biasca. I due treni speciali si uniranno a Lugano. All\u2019arrivo a Milano ci si trasferir\u00e0 a piedi (10 minuti) a Sant\u2019Ambrogio, accolti dall\u2019abate Mons. Carlo Faccendini. L\u2019Amministratore apostolico, il Vescovo Alain, presieder\u00e0 la Messa. Il pranzo di tre portate, con vino e bibite comprese, sar\u00e0 previsto tutti insieme, alle 14, nella mensa della vicinissima Universit\u00e0 Cattolica del Sacro Cuore. Dopo un momento libero, si riprender\u00e0 insieme il viaggio di rientro. Sia all\u2019andata che al ritorno vi sar\u00e0 la possibilit\u00e0 di pregare insieme, ma soprattutto di stare insieme, dialogando anche con il Vescovo Alain.<\/em><\/p>\n\n\n\n<p><em>Il prezzo \u00e8 volutamente accessibile a tanti e permette di coprire i costi grazie all\u2019attenzione ricevuta da Tilo e dall\u2019Universit\u00e0 Cattolica del Sacro Cuore: fr. 49.\u2014 a persona (viaggio e pranzo). Fino ai 16 anni : fr. 9.\u2014.<\/em><\/p>\n\n\n\n<p><em>Non nascondiamo di aspettarvi numerosi, anzi: numerosissimi. I posti prenotati sono 500 e sarebbe bello occuparli tutti ! Vi aspettiamo.<\/em><\/p>\n\n\n\n<p><em>Potete iscrivervi telefonando al Centro San Giuseppe (Signor Antonio Bonvicini) tel. 0912254110 oppure tramite mail :&nbsp;<a href=\"mailto:e20@catt.ch\" target=\"_blank\" rel=\"noreferrer noopener\">e20@catt.ch<\/a>.<\/em><\/p>\n\n\n\n<p><em>Un caro saluto, Don Nicola Zanini<\/em><\/p>\n\n\n\n<figure class=\"wp-block-image size-large\"><a href=\"https:\/\/dauncampanileallaltro.ch\/wp-content\/uploads\/2024\/04\/2024_Ambrogio_Milano_treno_page-0002.jpg\"><img loading=\"lazy\" decoding=\"async\" width=\"725\" height=\"1024\" src=\"https:\/\/dauncampanileallaltro.ch\/wp-content\/uploads\/2024\/04\/2024_Ambrogio_Milano_treno_page-0002-725x1024.jpg\" alt=\"\" class=\"wp-image-2170\" srcset=\"https:\/\/dauncampanileallaltro.ch\/wp-content\/uploads\/2024\/04\/2024_Ambrogio_Milano_treno_page-0002-725x1024.jpg 725w, https:\/\/dauncampanileallaltro.ch\/wp-content\/uploads\/2024\/04\/2024_Ambrogio_Milano_treno_page-0002-212x300.jpg 212w, https:\/\/dauncampanileallaltro.ch\/wp-content\/uploads\/2024\/04\/2024_Ambrogio_Milano_treno_page-0002-768x1085.jpg 768w, https:\/\/dauncampanileallaltro.ch\/wp-content\/uploads\/2024\/04\/2024_Ambrogio_Milano_treno_page-0002-1087x1536.jpg 1087w, https:\/\/dauncampanileallaltro.ch\/wp-content\/uploads\/2024\/04\/2024_Ambrogio_Milano_treno_page-0002.jpg 1241w\" sizes=\"auto, (max-width: 725px) 100vw, 725px\" \/><\/a><\/figure>\n\n\n\n<figure class=\"wp-block-image size-large\"><a href=\"https:\/\/dauncampanileallaltro.ch\/wp-content\/uploads\/2024\/04\/2024_Ambrogio_Milano_treno_page-0001.jpg\"><img loading=\"lazy\" decoding=\"async\" width=\"725\" height=\"1024\" src=\"https:\/\/dauncampanileallaltro.ch\/wp-content\/uploads\/2024\/04\/2024_Ambrogio_Milano_treno_page-0001-725x1024.jpg\" alt=\"\" class=\"wp-image-2169\" srcset=\"https:\/\/dauncampanileallaltro.ch\/wp-content\/uploads\/2024\/04\/2024_Ambrogio_Milano_treno_page-0001-725x1024.jpg 725w, https:\/\/dauncampanileallaltro.ch\/wp-content\/uploads\/2024\/04\/2024_Ambrogio_Milano_treno_page-0001-212x300.jpg 212w, https:\/\/dauncampanileallaltro.ch\/wp-content\/uploads\/2024\/04\/2024_Ambrogio_Milano_treno_page-0001-768x1085.jpg 768w, https:\/\/dauncampanileallaltro.ch\/wp-content\/uploads\/2024\/04\/2024_Ambrogio_Milano_treno_page-0001-1087x1536.jpg 1087w, https:\/\/dauncampanileallaltro.ch\/wp-content\/uploads\/2024\/04\/2024_Ambrogio_Milano_treno_page-0001.jpg 1241w\" sizes=\"auto, (max-width: 725px) 100vw, 725px\" \/><\/a><\/figure>\n","protected":false},"excerpt":{"rendered":"<p>L&#8217;invito dalla Diocesi al Pellegrinaggio diocesano del luned\u00ec di Pentecoste:<\/p>\n","protected":false},"author":1,"featured_media":0,"comment_status":"open","ping_status":"open","sticky":false,"template":"","format":"standard","meta":{"_monsterinsights_skip_tracking":false,"_monsterinsights_sitenote_active":false,"_monsterinsights_sitenote_note":"","_monsterinsights_sitenote_category":0,"footnotes":""},"categories":[25],"tags":[],"class_list":["post-2168","post","type-post","status-publish","format-standard","hentry","category-diocesi"],"aioseo_notices":[],"_links":{"self":[{"href":"https:\/\/dauncampanileallaltro.ch\/index.php?rest_route=\/wp\/v2\/posts\/2168","targetHints":{"allow":["GET"]}}],"collection":[{"href":"https:\/\/dauncampanileallaltro.ch\/index.php?rest_route=\/wp\/v2\/posts"}],"about":[{"href":"https:\/\/dauncampanileallaltro.ch\/index.php?rest_route=\/wp\/v2\/types\/post"}],"author":[{"embeddable":true,"href":"https:\/\/dauncampanileallaltro.ch\/index.php?rest_route=\/wp\/v2\/users\/1"}],"replies":[{"embeddable":true,"href":"https:\/\/dauncampanileallaltro.ch\/index.php?rest_route=%2Fwp%2Fv2%2Fcomments&post=2168"}],"version-history":[{"count":2,"href":"https:\/\/dauncampanileallaltro.ch\/index.php?rest_route=\/wp\/v2\/posts\/2168\/revisions"}],"predecessor-version":[{"id":2172,"href":"https:\/\/dauncampanileallaltro.ch\/index.php?rest_route=\/wp\/v2\/posts\/2168\/revisions\/2172"}],"wp:attachment":[{"href":"https:\/\/dauncampanileallaltro.ch\/index.php?rest_route=%2Fwp%2Fv2%2Fmedia&parent=2168"}],"wp:term":[{"taxonomy":"category","embeddable":true,"href":"https:\/\/dauncampanileallaltro.ch\/index.php?rest_route=%2Fwp%2Fv2%2Fcategories&post=2168"},{"taxonomy":"post_tag","embeddable":true,"href":"https:\/\/dauncampanileallaltro.ch\/index.php?rest_route=%2Fwp%2Fv2%2Ftags&post=2168"}],"curies":[{"name":"wp","href":"https:\/\/api.w.org\/{rel}","templated":true}]}}