{"id":2065,"date":"2024-03-16T13:50:37","date_gmt":"2024-03-16T11:50:37","guid":{"rendered":"https:\/\/dauncampanileallaltro.ch\/?p=2065"},"modified":"2024-03-16T14:03:29","modified_gmt":"2024-03-16T12:03:29","slug":"settimana-santa-2024","status":"publish","type":"post","link":"https:\/\/dauncampanileallaltro.ch\/?p=2065","title":{"rendered":"Settimana Santa 2024"},"content":{"rendered":"\n<p>Carissimi amici, nella seguente locandina trovate gli orari delle celebrazioni nella Domenica delle palme e in tutto il Triduo Pasquale.<\/p>\n\n\n\n<figure class=\"wp-block-image size-large\"><a href=\"https:\/\/dauncampanileallaltro.ch\/wp-content\/uploads\/2024\/03\/MESSE-TRIDUO-2024-3-scaled.jpg\"><img loading=\"lazy\" decoding=\"async\" width=\"717\" height=\"1024\" src=\"https:\/\/dauncampanileallaltro.ch\/wp-content\/uploads\/2024\/03\/MESSE-TRIDUO-2024-3-717x1024.jpg\" alt=\"\" class=\"wp-image-2062\" srcset=\"https:\/\/dauncampanileallaltro.ch\/wp-content\/uploads\/2024\/03\/MESSE-TRIDUO-2024-3-717x1024.jpg 717w, https:\/\/dauncampanileallaltro.ch\/wp-content\/uploads\/2024\/03\/MESSE-TRIDUO-2024-3-210x300.jpg 210w, https:\/\/dauncampanileallaltro.ch\/wp-content\/uploads\/2024\/03\/MESSE-TRIDUO-2024-3-768x1097.jpg 768w, https:\/\/dauncampanileallaltro.ch\/wp-content\/uploads\/2024\/03\/MESSE-TRIDUO-2024-3-1075x1536.jpg 1075w, https:\/\/dauncampanileallaltro.ch\/wp-content\/uploads\/2024\/03\/MESSE-TRIDUO-2024-3-1434x2048.jpg 1434w, https:\/\/dauncampanileallaltro.ch\/wp-content\/uploads\/2024\/03\/MESSE-TRIDUO-2024-3-1320x1886.jpg 1320w, https:\/\/dauncampanileallaltro.ch\/wp-content\/uploads\/2024\/03\/MESSE-TRIDUO-2024-3-scaled.jpg 1792w\" sizes=\"auto, (max-width: 717px) 100vw, 717px\" \/><\/a><\/figure>\n\n\n\n<p>Rivediamo insieme quali sono le tappe fondamentali della Settimana Santa:<\/p>\n\n\n\n<!--more-->\n\n\n\n<p><strong>La Domenica delle palme<\/strong><br>La Settimana Santa inizia con la Domenica delle Palme. In occasione di questa giornata si celebra l\u2019entrata trionfale di Ges\u00f9 a Gerusalemme, acclamato come messia e figlio di Davide. Nella Santa Messa viene letto il racconto della passione di Ges\u00f9 in base all\u2019Evangelista che corrisponde al periodo liturgico del momento. Quest\u2019anno sar\u00e0 letta la Passione secondo l\u2019Evangelista Marco.<\/p>\n\n\n\n<p><strong>Luned\u00ec, marted\u00ec e mercoled\u00ec della Settimana Santa<\/strong><br>Il Luned\u00ec \u00e8 considerato il giorno dell\u2019amicizia. Ges\u00f9 lo trascorre a Betania in compagnia dei suoi tre amici: Marta, Maria e Lazzaro. In questo giorno Ges\u00f9 ha vissuto l\u2019amicizia e ci ricorda che per il cristiano essere suo amico \u00e8 un dono e una missione.<\/p>\n\n\n\n<p>Il Marted\u00ec \u00e8 il giorno dello sdegno. Ges\u00f9 manifesta il suo sdegno per il comportamento di alcuni commercianti che hanno trasformato il tempio in un luogo di mercato. Rovescia i banchi dei venditori e dei cambiamonete che abusano del loro potere, opprimendo gli altri per ricavarne profitto.<\/p>\n\n\n\n<p>Il Mercoled\u00ec \u00e8 il giorno del tradimento e della tristezza. Giuda tradisce Ges\u00f9 per 30 denari.<\/p>\n\n\n\n<p>In questi giorni la Chiesa contempla soprattutto il tradimento di Giuda. La prima lettura della messa si riferisce ai primi tre canti del Servo del Signore, nel libro del profeta Isaia.<\/p>\n\n\n\n<p><strong>Il Gioved\u00ec Santo<\/strong><br>Nella Chiesa cattolica, durante la mattina del Gioved\u00ec Santo vengono consacrati gli oli santi e i presbiteri rinnovano l\u2019ordine sacro. Questo rituale viene svolto nel corso della Messa crismale, di solito in cattedrale, con il Vescovo.<\/p>\n\n\n\n<p><strong>Il triduo pasquale della passione, morte e resurrezione di Cristo ha inizio il pomeriggio del Gioved\u00ec Santo.<\/strong>&nbsp;La sera si celebra la messa in Cena Domini, che ricorda ai fedeli l\u2019Ultima Cena di Ges\u00f9, l\u2019istituzione dell\u2019Eucaristia e del sacerdozio ministeriale. Nel corso della celebrazione si ripete la lavanda dei piedi fatta da Cristo nell\u2019Ultima Cena. Alla fine della messa si pone un velo sulle croci, le campane rimangono silenziose e gli altari vengono lasciati senza ornamenti.<\/p>\n\n\n\n<p><strong>Il Venerd\u00ec Santo<\/strong><br>Il Venerd\u00ec Santo \u00e8 il giorno della morte di Ges\u00f9 sulla croce. La chiesa celebra la Passione, suddivisa in tre parti:<\/p>\n\n\n\n<p>1. La liturgia della parola. Lettura del quarto canto del servo del Signore di Isaia (52,13-53,12), dell\u2019Inno cristologico della lettera ai Filippesi (2,6-11) e della passione secondo Giovanni;<br>2. L\u2019adorazione della croce: viene tolto il velo alla croce;<br>3. La santa comunione con le ostie consacrate la sera prima. In questa giornata infatti, non vengono fatte consacrazioni e non si celebra alcuna messa.<\/p>\n\n\n\n<p>Il Venerd\u00ec Santo \u00e8 anche il giorno della Via Crucis. La chiesa cattolica vive in questo giorno il digiuno e si astiene dalle carni per partecipare in modo simbolico alla passione e morte del Signore.<\/p>\n\n\n\n<p><strong>Il Sabato Santo<\/strong><br>Il Sabato Santo \u00e8 il giorno in cui non viene celebrata l\u2019eucaristia e la Comunione si concede solo ai malati in punto di morte.<\/p>\n\n\n\n<p><strong>Nella notte del sabato si celebra la solenne veglia pasquale<\/strong>, la celebrazione pi\u00f9 importante di tutto l\u2019anno liturgico per la chiesa cattolica. In questa occasione si celebra la resurrezione di Cristo con la liturgia del fuoco. La fiamma accesa durante la messa viene usata per accendere il cero pasquale portato in processione in chiesa. Durante la processione si proclama la luce di Cristo e si accendono le candele dei fedeli. Quando il cero raggiunge il presbiterio il cero viene cosparso di incenso e si proclama l\u2019annuncio pasquale.<\/p>\n\n\n\n<p><strong>La Domenica di Resurrezione<\/strong><br>La Settimana Santa si conclude infine con la Domenica di Resurrezione, in cui si rivive la gioia della veglia pasquale. In occasione dell\u2019Ottava di Pasqua la chiesa celebra la Pasqua per otto giorni, fino alla seconda domenica di Pasqua, in antichit\u00e0 chiamata domenica&nbsp;<em>in albis<\/em>, che Papa Giovanni Paolo II ha voluto dedicare alla divina Misericordia.<\/p>\n","protected":false},"excerpt":{"rendered":"<p>Carissimi amici, nella seguente locandina trovate gli orari delle celebrazioni nella Domenica delle palme e in tutto il Triduo Pasquale. Rivediamo insieme quali sono le tappe fondamentali della Settimana Santa:<\/p>\n","protected":false},"author":1,"featured_media":1110,"comment_status":"open","ping_status":"open","sticky":false,"template":"","format":"standard","meta":{"_monsterinsights_skip_tracking":false,"_monsterinsights_sitenote_active":false,"_monsterinsights_sitenote_note":"","_monsterinsights_sitenote_category":0,"footnotes":""},"categories":[23],"tags":[],"class_list":["post-2065","post","type-post","status-publish","format-standard","has-post-thumbnail","hentry","category-inter-parrocchiale"],"aioseo_notices":[],"_links":{"self":[{"href":"https:\/\/dauncampanileallaltro.ch\/index.php?rest_route=\/wp\/v2\/posts\/2065","targetHints":{"allow":["GET"]}}],"collection":[{"href":"https:\/\/dauncampanileallaltro.ch\/index.php?rest_route=\/wp\/v2\/posts"}],"about":[{"href":"https:\/\/dauncampanileallaltro.ch\/index.php?rest_route=\/wp\/v2\/types\/post"}],"author":[{"embeddable":true,"href":"https:\/\/dauncampanileallaltro.ch\/index.php?rest_route=\/wp\/v2\/users\/1"}],"replies":[{"embeddable":true,"href":"https:\/\/dauncampanileallaltro.ch\/index.php?rest_route=%2Fwp%2Fv2%2Fcomments&post=2065"}],"version-history":[{"count":2,"href":"https:\/\/dauncampanileallaltro.ch\/index.php?rest_route=\/wp\/v2\/posts\/2065\/revisions"}],"predecessor-version":[{"id":2067,"href":"https:\/\/dauncampanileallaltro.ch\/index.php?rest_route=\/wp\/v2\/posts\/2065\/revisions\/2067"}],"wp:featuredmedia":[{"embeddable":true,"href":"https:\/\/dauncampanileallaltro.ch\/index.php?rest_route=\/wp\/v2\/media\/1110"}],"wp:attachment":[{"href":"https:\/\/dauncampanileallaltro.ch\/index.php?rest_route=%2Fwp%2Fv2%2Fmedia&parent=2065"}],"wp:term":[{"taxonomy":"category","embeddable":true,"href":"https:\/\/dauncampanileallaltro.ch\/index.php?rest_route=%2Fwp%2Fv2%2Fcategories&post=2065"},{"taxonomy":"post_tag","embeddable":true,"href":"https:\/\/dauncampanileallaltro.ch\/index.php?rest_route=%2Fwp%2Fv2%2Ftags&post=2065"}],"curies":[{"name":"wp","href":"https:\/\/api.w.org\/{rel}","templated":true}]}}