{"id":1916,"date":"2024-01-18T22:36:13","date_gmt":"2024-01-18T20:36:13","guid":{"rendered":"https:\/\/dauncampanileallaltro.ch\/?p=1916"},"modified":"2024-01-18T22:55:35","modified_gmt":"2024-01-18T20:55:35","slug":"festa-della-madonna-di-lourdes","status":"publish","type":"post","link":"https:\/\/dauncampanileallaltro.ch\/?p=1916","title":{"rendered":"Festa della Madonna di Lourdes!"},"content":{"rendered":"\n<figure class=\"wp-block-image size-large\"><a href=\"https:\/\/dauncampanileallaltro.ch\/wp-content\/uploads\/2024\/01\/Festa-Madonna-di-Lourdes-1-scaled.jpg\"><img loading=\"lazy\" decoding=\"async\" width=\"731\" height=\"1024\" src=\"https:\/\/dauncampanileallaltro.ch\/wp-content\/uploads\/2024\/01\/Festa-Madonna-di-Lourdes-1-731x1024.jpg\" alt=\"\" class=\"wp-image-1918\" srcset=\"https:\/\/dauncampanileallaltro.ch\/wp-content\/uploads\/2024\/01\/Festa-Madonna-di-Lourdes-1-731x1024.jpg 731w, https:\/\/dauncampanileallaltro.ch\/wp-content\/uploads\/2024\/01\/Festa-Madonna-di-Lourdes-1-214x300.jpg 214w, https:\/\/dauncampanileallaltro.ch\/wp-content\/uploads\/2024\/01\/Festa-Madonna-di-Lourdes-1-768x1075.jpg 768w, https:\/\/dauncampanileallaltro.ch\/wp-content\/uploads\/2024\/01\/Festa-Madonna-di-Lourdes-1-1097x1536.jpg 1097w, https:\/\/dauncampanileallaltro.ch\/wp-content\/uploads\/2024\/01\/Festa-Madonna-di-Lourdes-1-1463x2048.jpg 1463w, https:\/\/dauncampanileallaltro.ch\/wp-content\/uploads\/2024\/01\/Festa-Madonna-di-Lourdes-1-1320x1848.jpg 1320w, https:\/\/dauncampanileallaltro.ch\/wp-content\/uploads\/2024\/01\/Festa-Madonna-di-Lourdes-1-scaled.jpg 1829w\" sizes=\"auto, (max-width: 731px) 100vw, 731px\" \/><\/a><\/figure>\n\n\n\n<p>Carissimi, \u00e8 gi\u00e0 passato un anno da quando abbiamo dato inizio al pellegrinaggio della Madonna di Lourdes nelle nostre case. Era sabato 11 febbraio 2023!<\/p>\n\n\n\n<p>Durante quest&#8217;anno avevo gentilmente chiesto se coloro che l&#8217;avevano ospitata potevano scrivere &#8211; chiedendo anche di rimanere anonimi &#8211; una frase (o qualcosa in pi\u00f9) per raccontare come \u00e8 stata vissuta quella settimana insieme alla Madonna di Lourdes. Che sia stato un episodio, un&#8217;emozione, un vissuto, una grazia ricevuta, una gioia o una fatica, qualsiasi cosa che potesse servire a dare una testimonianza di bene riguardo la presenza di questa piccola statua di Maria nella loro casa. Purtroppo non ho ricevuto molte testimonianze&#8230; C&#8217;\u00e8 per\u00f2 ancora tempo! Vi andrebbe di inviarmi qualcosa prima dell&#8217;11 febbraio 2024? Ne sarei tanto felice e onorato.<\/p>\n\n\n\n<p>L&#8217;appuntamento \u00e8 per domenica 11 febbraio! Sono benvenuti anche i vostri parenti ed amici! Il ritrovo \u00e8 alle ore 9.15 ai Guasti di Neggio (di fronte al parcheggio e alla fermata del bus). Scenderemo a piedi recitando il rosario lungo la strada pedonale fino alla grotta di Lourdes e poi proseguiremo verso la chiesa parrocchiale di Neggio. Alle 10.00 inizier\u00e0 la Celebrazione Eucaristica e al termine verr\u00e0 offerto a tutti un aperitivo. Sar\u00e0 allestita una ricca bancarella con diversi articoli religiosi legati a Lourdes (che abbiamo fatto arrivare apposta per l&#8217;occasione), come statue della Vergine di Lourdes di varia grandezza e materiale, quadri, candele e altri articoli religiosi che possono aiutare la nostra devozione a diventare pi\u00f9 grande e sincera. Il ricavato sar\u00e0 devoluto interamente per le opere parrocchiali.<\/p>\n\n\n\n<p><\/p>\n","protected":false},"excerpt":{"rendered":"<p>Carissimi, \u00e8 gi\u00e0 passato un anno da quando abbiamo dato inizio al pellegrinaggio della Madonna di Lourdes nelle nostre case. Era sabato 11 febbraio 2023! Durante quest&#8217;anno avevo gentilmente chiesto se coloro che l&#8217;avevano ospitata potevano scrivere &#8211; chiedendo anche di rimanere anonimi &#8211; una frase (o qualcosa in pi\u00f9) per raccontare come \u00e8 stata &hellip; <\/p>\n<p class=\"link-more\"><a href=\"https:\/\/dauncampanileallaltro.ch\/?p=1916\" class=\"more-link\">Leggi tutto<span class=\"screen-reader-text\"> &#8220;Festa della Madonna di Lourdes!&#8221;<\/span><\/a><\/p>\n","protected":false},"author":1,"featured_media":0,"comment_status":"open","ping_status":"open","sticky":false,"template":"","format":"standard","meta":{"_monsterinsights_skip_tracking":false,"_monsterinsights_sitenote_active":false,"_monsterinsights_sitenote_note":"","_monsterinsights_sitenote_category":0,"footnotes":""},"categories":[23,20],"tags":[],"class_list":["post-1916","post","type-post","status-publish","format-standard","hentry","category-inter-parrocchiale","category-neggio"],"aioseo_notices":[],"_links":{"self":[{"href":"https:\/\/dauncampanileallaltro.ch\/index.php?rest_route=\/wp\/v2\/posts\/1916","targetHints":{"allow":["GET"]}}],"collection":[{"href":"https:\/\/dauncampanileallaltro.ch\/index.php?rest_route=\/wp\/v2\/posts"}],"about":[{"href":"https:\/\/dauncampanileallaltro.ch\/index.php?rest_route=\/wp\/v2\/types\/post"}],"author":[{"embeddable":true,"href":"https:\/\/dauncampanileallaltro.ch\/index.php?rest_route=\/wp\/v2\/users\/1"}],"replies":[{"embeddable":true,"href":"https:\/\/dauncampanileallaltro.ch\/index.php?rest_route=%2Fwp%2Fv2%2Fcomments&post=1916"}],"version-history":[{"count":6,"href":"https:\/\/dauncampanileallaltro.ch\/index.php?rest_route=\/wp\/v2\/posts\/1916\/revisions"}],"predecessor-version":[{"id":1926,"href":"https:\/\/dauncampanileallaltro.ch\/index.php?rest_route=\/wp\/v2\/posts\/1916\/revisions\/1926"}],"wp:attachment":[{"href":"https:\/\/dauncampanileallaltro.ch\/index.php?rest_route=%2Fwp%2Fv2%2Fmedia&parent=1916"}],"wp:term":[{"taxonomy":"category","embeddable":true,"href":"https:\/\/dauncampanileallaltro.ch\/index.php?rest_route=%2Fwp%2Fv2%2Fcategories&post=1916"},{"taxonomy":"post_tag","embeddable":true,"href":"https:\/\/dauncampanileallaltro.ch\/index.php?rest_route=%2Fwp%2Fv2%2Ftags&post=1916"}],"curies":[{"name":"wp","href":"https:\/\/api.w.org\/{rel}","templated":true}]}}