{"id":1696,"date":"2023-11-30T00:41:06","date_gmt":"2023-11-29T22:41:06","guid":{"rendered":"https:\/\/dauncampanileallaltro.ch\/?p=1696"},"modified":"2023-12-09T15:02:16","modified_gmt":"2023-12-09T13:02:16","slug":"messe-rorate-in-avvento","status":"publish","type":"post","link":"https:\/\/dauncampanileallaltro.ch\/?p=1696","title":{"rendered":"Messe Rorate in Avvento"},"content":{"rendered":"\n<figure class=\"wp-block-image size-large\"><a href=\"https:\/\/dauncampanileallaltro.ch\/wp-content\/uploads\/2023\/11\/Sante-Messe-Rorate-2023-scaled.jpg\"><img loading=\"lazy\" decoding=\"async\" width=\"1024\" height=\"858\" src=\"https:\/\/dauncampanileallaltro.ch\/wp-content\/uploads\/2023\/11\/Sante-Messe-Rorate-2023-1024x858.jpg\" alt=\"\" class=\"wp-image-1705\" srcset=\"https:\/\/dauncampanileallaltro.ch\/wp-content\/uploads\/2023\/11\/Sante-Messe-Rorate-2023-1024x858.jpg 1024w, https:\/\/dauncampanileallaltro.ch\/wp-content\/uploads\/2023\/11\/Sante-Messe-Rorate-2023-300x251.jpg 300w, https:\/\/dauncampanileallaltro.ch\/wp-content\/uploads\/2023\/11\/Sante-Messe-Rorate-2023-768x644.jpg 768w, https:\/\/dauncampanileallaltro.ch\/wp-content\/uploads\/2023\/11\/Sante-Messe-Rorate-2023-1536x1288.jpg 1536w, https:\/\/dauncampanileallaltro.ch\/wp-content\/uploads\/2023\/11\/Sante-Messe-Rorate-2023-2048x1717.jpg 2048w, https:\/\/dauncampanileallaltro.ch\/wp-content\/uploads\/2023\/11\/Sante-Messe-Rorate-2023-1320x1107.jpg 1320w\" sizes=\"auto, (max-width: 767px) 89vw, (max-width: 1000px) 54vw, (max-width: 1071px) 543px, 580px\" \/><\/a><\/figure>\n\n\n\n<p><strong>Vi invito quest&#8217;anno, durante il periodo di Avvento che sta per iniziare, a partecipare alle Messe Rorate&#8230; Avremo anche l&#8217;immenso piacere, marted\u00ec 19 dicembre, di avere con noi l&#8217;amministratore apostolico mons. Alain de Raemy, il quale presieder\u00e0 la Santa Messa e si fermer\u00e0 a fare colazione con noi!<\/strong><\/p>\n\n\n\n<p>Cos&#8217;\u00e8 la Santa Messa <em>Rorate<\/em>?<\/p>\n\n\n\n<!--more-->\n\n\n\n<p>Una tradizione cristiano-cattolica dell\u2019Avvento \u00e8 la Santa Messa Rorate. Questa denominazione deriva dall\u2019introito&nbsp;in latino della Messa della IV Domenica d\u2019Avvento che inizia, appunto, con le parole&nbsp;<em><strong>Rorate c\u0153li desuper&nbsp;<\/strong><\/em>che riprendono il passo biblico di Isaia (cap. 45).<\/p>\n\n\n\n<p><strong>Si tratta di una celebrazione della Santa Messa prima dell\u2019alba, illuminati solo dalla fioca luce delle candele. <\/strong>Mentre in chiesa si compie il Sacrificio Eucaristico, il sole fuori si leva ed al momento della benedizione sui fedeli ormai gi\u00e0 la luce, simbolo di Cristo che a Natale viene sulla terra, \u201criempie l\u2019aria e le volte del tempio\u201d. La&nbsp;<em>Stella mattutina&nbsp;<\/em>\u00e8 immagine di Maria Santissima, che nell\u2019esistenza terrena precede Ges\u00f9 Cristo proprio come l\u2019aurora precede il sole.<\/p>\n\n\n\n<p>Questo richiama il tema generale dell\u2019Avvento, un momento di attesa dell\u2019arrivo del Figlio di Dio, la Luce del Mondo. Nella Chiesa delle origini Ges\u00f9 era spesso rappresentato come il&nbsp;<em>Sol Invictus<\/em>&nbsp;(Sole invitto) e il 25 dicembre era noto nel mondo pagano come il&nbsp;<em>Dies Natalis Solis Invicti<\/em>&nbsp;(Giorno della nascita del Sole invitto). Sant\u2019Agostino fa riferimento a questo simbolismo in uno dei suoi sermoni: \u201cCelebriamo questo giorno come un festa non per questo sole (\u2026), ma per colui che ha creato il sole\u201d.<\/p>\n\n\n\n<p>Si collega bene a questo simbolismo il fatto che questa Messa viene celebrata in onore della Beata Vergine Maria, a cui spesso ci si riferisce con il titolo di \u201cStella del Mattino\u201d. Parlando da un punto di vista astronomico, la \u201cstella del mattino\u201d \u00e8 il pianeta Venere, che si vede al meglio nel cielo proprio prima dell\u2019alba o dopo il tramonto. In quel momento \u00e8 la \u201cstella\u201d pi\u00f9 brillante nel cielo, e annuncia o fa spazio al sole. La Beata Vergine Maria \u00e8 la \u201cStella del Mattino\u201d, che ci indica sempre suo Figlio, e quindi la Messa \u201cRorate\u201d ci ricorda il ruolo di Maria nella storia della salvezza.<\/p>\n\n\n\n<p>In secondo luogo, richiama la verit\u00e0 per cui&nbsp;<strong>l\u2019oscurit\u00e0 della notte non dura<\/strong>, ma \u00e8 sempre superata dalla luce del giorno. Dio ci rassicura del fatto che questa vita \u00e8 solo temporanea e che siamo \u201cstranieri e ospiti\u201d in una terra estranea, destinati al Paradiso.<\/p>\n\n\n\n<p>La Messa \u201cRorate\u201d \u00e8 dunque una splendida tradizione della Chiesa che ci aiuta a entrare nel periodo dell\u2019Avvento. Al di sopra di tutto, ci aiuta a ricordare e a riflettere su una verit\u00e0 centrale della nostra fede:&nbsp;<em>l\u2019oscurit\u00e0 \u00e8 un\u2019ombra, e si dissolve pi\u00f9 rapidamente quando vede una moltitudine di luci<\/em>.<\/p>\n","protected":false},"excerpt":{"rendered":"<p>Vi invito quest&#8217;anno, durante il periodo di Avvento che sta per iniziare, a partecipare alle Messe Rorate&#8230; Avremo anche l&#8217;immenso piacere, marted\u00ec 19 dicembre, di avere con noi l&#8217;amministratore apostolico mons. Alain de Raemy, il quale presieder\u00e0 la Santa Messa e si fermer\u00e0 a fare colazione con noi! Cos&#8217;\u00e8 la Santa Messa Rorate?<\/p>\n","protected":false},"author":1,"featured_media":0,"comment_status":"open","ping_status":"open","sticky":false,"template":"","format":"standard","meta":{"_monsterinsights_skip_tracking":false,"_monsterinsights_sitenote_active":false,"_monsterinsights_sitenote_note":"","_monsterinsights_sitenote_category":0,"footnotes":""},"categories":[25,23,26],"tags":[],"class_list":["post-1696","post","type-post","status-publish","format-standard","hentry","category-diocesi","category-inter-parrocchiale","category-rete-pastorale-san-provino"],"aioseo_notices":[],"_links":{"self":[{"href":"https:\/\/dauncampanileallaltro.ch\/index.php?rest_route=\/wp\/v2\/posts\/1696","targetHints":{"allow":["GET"]}}],"collection":[{"href":"https:\/\/dauncampanileallaltro.ch\/index.php?rest_route=\/wp\/v2\/posts"}],"about":[{"href":"https:\/\/dauncampanileallaltro.ch\/index.php?rest_route=\/wp\/v2\/types\/post"}],"author":[{"embeddable":true,"href":"https:\/\/dauncampanileallaltro.ch\/index.php?rest_route=\/wp\/v2\/users\/1"}],"replies":[{"embeddable":true,"href":"https:\/\/dauncampanileallaltro.ch\/index.php?rest_route=%2Fwp%2Fv2%2Fcomments&post=1696"}],"version-history":[{"count":6,"href":"https:\/\/dauncampanileallaltro.ch\/index.php?rest_route=\/wp\/v2\/posts\/1696\/revisions"}],"predecessor-version":[{"id":1736,"href":"https:\/\/dauncampanileallaltro.ch\/index.php?rest_route=\/wp\/v2\/posts\/1696\/revisions\/1736"}],"wp:attachment":[{"href":"https:\/\/dauncampanileallaltro.ch\/index.php?rest_route=%2Fwp%2Fv2%2Fmedia&parent=1696"}],"wp:term":[{"taxonomy":"category","embeddable":true,"href":"https:\/\/dauncampanileallaltro.ch\/index.php?rest_route=%2Fwp%2Fv2%2Fcategories&post=1696"},{"taxonomy":"post_tag","embeddable":true,"href":"https:\/\/dauncampanileallaltro.ch\/index.php?rest_route=%2Fwp%2Fv2%2Ftags&post=1696"}],"curies":[{"name":"wp","href":"https:\/\/api.w.org\/{rel}","templated":true}]}}