{"id":1556,"date":"2023-09-25T11:40:40","date_gmt":"2023-09-25T09:40:40","guid":{"rendered":"https:\/\/dauncampanileallaltro.ch\/?p=1556"},"modified":"2023-10-12T22:12:52","modified_gmt":"2023-10-12T20:12:52","slug":"festa-della-madonna-del-rosario-a-neggio","status":"publish","type":"post","link":"https:\/\/dauncampanileallaltro.ch\/?p=1556","title":{"rendered":"Festa della Madonna del Rosario a Neggio"},"content":{"rendered":"\n<p>Cari amici, con gioia vi invitiamo a prendere parte ai due appuntamenti per la festa della Madonna del Rosario di Neggio.<\/p>\n\n\n\n<p><strong>Sabato 7 ottobre alle ore 20.30<\/strong> vivremo una veglia di preghiera con la partecipazione della Comunit\u00e0 Shalom di Bioggio che animer\u00e0 la serata con i loro canti. Inizieremo con una testimonianza (sar\u00e0 una sorpresa!) e poi pregheremo insieme il Santo Rosario.<\/p>\n\n\n\n<p><strong>Domenica 8 ottobre alle ore 10.00<\/strong> ci sar\u00e0 la Santa Messa solenne animata dall&#8217;organista Simona Lorenzetti, nostra amica e parrocchiana di Vernate, e a seguire avr\u00e0 luogo la processione con la statua della Madonna.<\/p>\n\n\n\n<p><em>Aggrappatevi al rosario come l&#8217;edera si attacca all&#8217;albero, perch\u00e9 senza la Vergine non possiamo reggerci in piedi. (Madre Teresa di Calcutta)<\/em><\/p>\n\n\n\n<!--more-->\n\n\n\n<p>Vi aspettiamo numerosi!<\/p>\n\n\n\n<figure class=\"wp-block-image size-large\"><a href=\"https:\/\/dauncampanileallaltro.ch\/wp-content\/uploads\/2023\/09\/Festa-della-Madonna-del-Rosario-di-Neggio-8-ottobre-2023-scaled.jpg\"><img loading=\"lazy\" decoding=\"async\" width=\"722\" height=\"1024\" src=\"https:\/\/dauncampanileallaltro.ch\/wp-content\/uploads\/2023\/09\/Festa-della-Madonna-del-Rosario-di-Neggio-8-ottobre-2023-722x1024.jpg\" alt=\"\" class=\"wp-image-1557\" srcset=\"https:\/\/dauncampanileallaltro.ch\/wp-content\/uploads\/2023\/09\/Festa-della-Madonna-del-Rosario-di-Neggio-8-ottobre-2023-722x1024.jpg 722w, https:\/\/dauncampanileallaltro.ch\/wp-content\/uploads\/2023\/09\/Festa-della-Madonna-del-Rosario-di-Neggio-8-ottobre-2023-211x300.jpg 211w, https:\/\/dauncampanileallaltro.ch\/wp-content\/uploads\/2023\/09\/Festa-della-Madonna-del-Rosario-di-Neggio-8-ottobre-2023-768x1090.jpg 768w, https:\/\/dauncampanileallaltro.ch\/wp-content\/uploads\/2023\/09\/Festa-della-Madonna-del-Rosario-di-Neggio-8-ottobre-2023-1082x1536.jpg 1082w, https:\/\/dauncampanileallaltro.ch\/wp-content\/uploads\/2023\/09\/Festa-della-Madonna-del-Rosario-di-Neggio-8-ottobre-2023-1443x2048.jpg 1443w, https:\/\/dauncampanileallaltro.ch\/wp-content\/uploads\/2023\/09\/Festa-della-Madonna-del-Rosario-di-Neggio-8-ottobre-2023-1320x1873.jpg 1320w, https:\/\/dauncampanileallaltro.ch\/wp-content\/uploads\/2023\/09\/Festa-della-Madonna-del-Rosario-di-Neggio-8-ottobre-2023-scaled.jpg 1804w\" sizes=\"auto, (max-width: 722px) 100vw, 722px\" \/><\/a><\/figure>\n","protected":false},"excerpt":{"rendered":"<p>Cari amici, con gioia vi invitiamo a prendere parte ai due appuntamenti per la festa della Madonna del Rosario di Neggio. Sabato 7 ottobre alle ore 20.30 vivremo una veglia di preghiera con la partecipazione della Comunit\u00e0 Shalom di Bioggio che animer\u00e0 la serata con i loro canti. Inizieremo con una testimonianza (sar\u00e0 una sorpresa!) &hellip; <\/p>\n<p class=\"link-more\"><a href=\"https:\/\/dauncampanileallaltro.ch\/?p=1556\" class=\"more-link\">Leggi tutto<span class=\"screen-reader-text\"> &#8220;Festa della Madonna del Rosario a Neggio&#8221;<\/span><\/a><\/p>\n","protected":false},"author":1,"featured_media":0,"comment_status":"open","ping_status":"open","sticky":false,"template":"","format":"standard","meta":{"_monsterinsights_skip_tracking":false,"_monsterinsights_sitenote_active":false,"_monsterinsights_sitenote_note":"","_monsterinsights_sitenote_category":0,"footnotes":""},"categories":[23,20],"tags":[],"class_list":["post-1556","post","type-post","status-publish","format-standard","hentry","category-inter-parrocchiale","category-neggio"],"aioseo_notices":[],"_links":{"self":[{"href":"https:\/\/dauncampanileallaltro.ch\/index.php?rest_route=\/wp\/v2\/posts\/1556","targetHints":{"allow":["GET"]}}],"collection":[{"href":"https:\/\/dauncampanileallaltro.ch\/index.php?rest_route=\/wp\/v2\/posts"}],"about":[{"href":"https:\/\/dauncampanileallaltro.ch\/index.php?rest_route=\/wp\/v2\/types\/post"}],"author":[{"embeddable":true,"href":"https:\/\/dauncampanileallaltro.ch\/index.php?rest_route=\/wp\/v2\/users\/1"}],"replies":[{"embeddable":true,"href":"https:\/\/dauncampanileallaltro.ch\/index.php?rest_route=%2Fwp%2Fv2%2Fcomments&post=1556"}],"version-history":[{"count":2,"href":"https:\/\/dauncampanileallaltro.ch\/index.php?rest_route=\/wp\/v2\/posts\/1556\/revisions"}],"predecessor-version":[{"id":1608,"href":"https:\/\/dauncampanileallaltro.ch\/index.php?rest_route=\/wp\/v2\/posts\/1556\/revisions\/1608"}],"wp:attachment":[{"href":"https:\/\/dauncampanileallaltro.ch\/index.php?rest_route=%2Fwp%2Fv2%2Fmedia&parent=1556"}],"wp:term":[{"taxonomy":"category","embeddable":true,"href":"https:\/\/dauncampanileallaltro.ch\/index.php?rest_route=%2Fwp%2Fv2%2Fcategories&post=1556"},{"taxonomy":"post_tag","embeddable":true,"href":"https:\/\/dauncampanileallaltro.ch\/index.php?rest_route=%2Fwp%2Fv2%2Ftags&post=1556"}],"curies":[{"name":"wp","href":"https:\/\/api.w.org\/{rel}","templated":true}]}}