{"id":1508,"date":"2023-09-02T12:37:43","date_gmt":"2023-09-02T10:37:43","guid":{"rendered":"https:\/\/dauncampanileallaltro.ch\/?p=1508"},"modified":"2023-09-02T12:39:48","modified_gmt":"2023-09-02T10:39:48","slug":"save-the-dates-settembre-dicembre-2023","status":"publish","type":"post","link":"https:\/\/dauncampanileallaltro.ch\/?p=1508","title":{"rendered":"Save the dates settembre-dicembre 2023"},"content":{"rendered":"\n<p>Carissimi, condivido con voi i pi\u00f9 importanti eventi legati alle nostre tre parrocchie da qui a dicembre 2023. L&#8217;elenco non \u00e8 esaustivo, \u00e8 stato riportato soltanto quello che ad oggi \u00e8 ufficiale, cos\u00ec che possiate gi\u00e0 prenderne nota nei vostri calendari. Lasciamoci accompagnare dal Signore in questo nuovo anno pastorale! Buon cammino a tutti, don Simone<\/p>\n\n\n\n<figure class=\"wp-block-image size-large\"><a href=\"https:\/\/dauncampanileallaltro.ch\/wp-content\/uploads\/2023\/09\/save-the-dates-settembre-dicembre-2023.jpg\"><img loading=\"lazy\" decoding=\"async\" width=\"724\" height=\"1024\" src=\"https:\/\/dauncampanileallaltro.ch\/wp-content\/uploads\/2023\/09\/save-the-dates-settembre-dicembre-2023-724x1024.jpg\" alt=\"\" class=\"wp-image-1509\" srcset=\"https:\/\/dauncampanileallaltro.ch\/wp-content\/uploads\/2023\/09\/save-the-dates-settembre-dicembre-2023-724x1024.jpg 724w, https:\/\/dauncampanileallaltro.ch\/wp-content\/uploads\/2023\/09\/save-the-dates-settembre-dicembre-2023-212x300.jpg 212w, https:\/\/dauncampanileallaltro.ch\/wp-content\/uploads\/2023\/09\/save-the-dates-settembre-dicembre-2023-768x1086.jpg 768w, https:\/\/dauncampanileallaltro.ch\/wp-content\/uploads\/2023\/09\/save-the-dates-settembre-dicembre-2023-1086x1536.jpg 1086w, https:\/\/dauncampanileallaltro.ch\/wp-content\/uploads\/2023\/09\/save-the-dates-settembre-dicembre-2023-1320x1867.jpg 1320w, https:\/\/dauncampanileallaltro.ch\/wp-content\/uploads\/2023\/09\/save-the-dates-settembre-dicembre-2023.jpg 1414w\" sizes=\"auto, (max-width: 724px) 100vw, 724px\" \/><\/a><\/figure>\n","protected":false},"excerpt":{"rendered":"<p>Carissimi, condivido con voi i pi\u00f9 importanti eventi legati alle nostre tre parrocchie da qui a dicembre 2023. L&#8217;elenco non \u00e8 esaustivo, \u00e8 stato riportato soltanto quello che ad oggi \u00e8 ufficiale, cos\u00ec che possiate gi\u00e0 prenderne nota nei vostri calendari. Lasciamoci accompagnare dal Signore in questo nuovo anno pastorale! Buon cammino a tutti, don &hellip; <\/p>\n<p class=\"link-more\"><a href=\"https:\/\/dauncampanileallaltro.ch\/?p=1508\" class=\"more-link\">Leggi tutto<span class=\"screen-reader-text\"> &#8220;Save the dates settembre-dicembre 2023&#8221;<\/span><\/a><\/p>\n","protected":false},"author":1,"featured_media":0,"comment_status":"open","ping_status":"open","sticky":false,"template":"","format":"standard","meta":{"_monsterinsights_skip_tracking":false,"_monsterinsights_sitenote_active":false,"_monsterinsights_sitenote_note":"","_monsterinsights_sitenote_category":0,"footnotes":""},"categories":[23,26],"tags":[],"class_list":["post-1508","post","type-post","status-publish","format-standard","hentry","category-inter-parrocchiale","category-rete-pastorale-san-provino"],"aioseo_notices":[],"_links":{"self":[{"href":"https:\/\/dauncampanileallaltro.ch\/index.php?rest_route=\/wp\/v2\/posts\/1508","targetHints":{"allow":["GET"]}}],"collection":[{"href":"https:\/\/dauncampanileallaltro.ch\/index.php?rest_route=\/wp\/v2\/posts"}],"about":[{"href":"https:\/\/dauncampanileallaltro.ch\/index.php?rest_route=\/wp\/v2\/types\/post"}],"author":[{"embeddable":true,"href":"https:\/\/dauncampanileallaltro.ch\/index.php?rest_route=\/wp\/v2\/users\/1"}],"replies":[{"embeddable":true,"href":"https:\/\/dauncampanileallaltro.ch\/index.php?rest_route=%2Fwp%2Fv2%2Fcomments&post=1508"}],"version-history":[{"count":1,"href":"https:\/\/dauncampanileallaltro.ch\/index.php?rest_route=\/wp\/v2\/posts\/1508\/revisions"}],"predecessor-version":[{"id":1510,"href":"https:\/\/dauncampanileallaltro.ch\/index.php?rest_route=\/wp\/v2\/posts\/1508\/revisions\/1510"}],"wp:attachment":[{"href":"https:\/\/dauncampanileallaltro.ch\/index.php?rest_route=%2Fwp%2Fv2%2Fmedia&parent=1508"}],"wp:term":[{"taxonomy":"category","embeddable":true,"href":"https:\/\/dauncampanileallaltro.ch\/index.php?rest_route=%2Fwp%2Fv2%2Fcategories&post=1508"},{"taxonomy":"post_tag","embeddable":true,"href":"https:\/\/dauncampanileallaltro.ch\/index.php?rest_route=%2Fwp%2Fv2%2Ftags&post=1508"}],"curies":[{"name":"wp","href":"https:\/\/api.w.org\/{rel}","templated":true}]}}