{"id":1499,"date":"2023-09-01T14:44:09","date_gmt":"2023-09-01T12:44:09","guid":{"rendered":"https:\/\/dauncampanileallaltro.ch\/?p=1499"},"modified":"2023-09-01T14:56:40","modified_gmt":"2023-09-01T12:56:40","slug":"santa-messa-per-gli-anniversari-di-matrimonio-2023","status":"publish","type":"post","link":"https:\/\/dauncampanileallaltro.ch\/?p=1499","title":{"rendered":"Santa Messa per gli anniversari di matrimonio 2023"},"content":{"rendered":"\n<figure class=\"wp-block-image size-large\"><a href=\"https:\/\/dauncampanileallaltro.ch\/wp-content\/uploads\/2023\/09\/santa-Messa-per-gli-anniversari-di-matrimonio-2023.jpg\"><img loading=\"lazy\" decoding=\"async\" width=\"722\" height=\"1024\" src=\"https:\/\/dauncampanileallaltro.ch\/wp-content\/uploads\/2023\/09\/santa-Messa-per-gli-anniversari-di-matrimonio-2023-722x1024.jpg\" alt=\"\" class=\"wp-image-1500\" srcset=\"https:\/\/dauncampanileallaltro.ch\/wp-content\/uploads\/2023\/09\/santa-Messa-per-gli-anniversari-di-matrimonio-2023-722x1024.jpg 722w, https:\/\/dauncampanileallaltro.ch\/wp-content\/uploads\/2023\/09\/santa-Messa-per-gli-anniversari-di-matrimonio-2023-212x300.jpg 212w, https:\/\/dauncampanileallaltro.ch\/wp-content\/uploads\/2023\/09\/santa-Messa-per-gli-anniversari-di-matrimonio-2023-768x1089.jpg 768w, https:\/\/dauncampanileallaltro.ch\/wp-content\/uploads\/2023\/09\/santa-Messa-per-gli-anniversari-di-matrimonio-2023-1083x1536.jpg 1083w, https:\/\/dauncampanileallaltro.ch\/wp-content\/uploads\/2023\/09\/santa-Messa-per-gli-anniversari-di-matrimonio-2023-1320x1872.jpg 1320w, https:\/\/dauncampanileallaltro.ch\/wp-content\/uploads\/2023\/09\/santa-Messa-per-gli-anniversari-di-matrimonio-2023.jpg 1410w\" sizes=\"auto, (max-width: 722px) 100vw, 722px\" \/><\/a><\/figure>\n\n\n\n<!--more-->\n\n\n\n<p>Invito calorosamente le coppie di sposi che nel corso di quest\u2019anno hanno festeggiato o festeggiano il loro quinto (o un multiplo di 5) anniversario di matrimonio ad annunciarsi entro il 1\u00b0 novembre al sottoscritto.<\/p>\n\n\n\n<p>Il motivo \u00e8 semplice&#8230; vorrei festeggiare insieme con tutta la comunit\u00e0 inter-parrocchiale di Iseo-Cimo, Neggio e Vernate il vostro cammino di sposi cristiani che cresce sempre pi\u00f9 e va avanti con il Signore.<\/p>\n\n\n\n<p>La Santa Messa di festa, al termine della quale ci sar\u00e0 una speciale benedizione per voi, sar\u00e0 celebrata a Vernate domenica 12 novembre. L&#8217;orario sar\u00e0 comunicato in seguito, in quanto forse riusciamo a prevedere un pranzo o almeno un aperitivo insieme. Nel frattempo aspettiamo di vedere quante coppie si annunciano! Conto sempre su di voi per il <em>passaparola <\/em>a tutti quelli che non leggono gli annunci!<\/p>\n","protected":false},"excerpt":{"rendered":"","protected":false},"author":1,"featured_media":0,"comment_status":"open","ping_status":"open","sticky":false,"template":"","format":"standard","meta":{"_monsterinsights_skip_tracking":false,"_monsterinsights_sitenote_active":false,"_monsterinsights_sitenote_note":"","_monsterinsights_sitenote_category":0,"footnotes":""},"categories":[23],"tags":[],"class_list":["post-1499","post","type-post","status-publish","format-standard","hentry","category-inter-parrocchiale"],"aioseo_notices":[],"_links":{"self":[{"href":"https:\/\/dauncampanileallaltro.ch\/index.php?rest_route=\/wp\/v2\/posts\/1499","targetHints":{"allow":["GET"]}}],"collection":[{"href":"https:\/\/dauncampanileallaltro.ch\/index.php?rest_route=\/wp\/v2\/posts"}],"about":[{"href":"https:\/\/dauncampanileallaltro.ch\/index.php?rest_route=\/wp\/v2\/types\/post"}],"author":[{"embeddable":true,"href":"https:\/\/dauncampanileallaltro.ch\/index.php?rest_route=\/wp\/v2\/users\/1"}],"replies":[{"embeddable":true,"href":"https:\/\/dauncampanileallaltro.ch\/index.php?rest_route=%2Fwp%2Fv2%2Fcomments&post=1499"}],"version-history":[{"count":5,"href":"https:\/\/dauncampanileallaltro.ch\/index.php?rest_route=\/wp\/v2\/posts\/1499\/revisions"}],"predecessor-version":[{"id":1506,"href":"https:\/\/dauncampanileallaltro.ch\/index.php?rest_route=\/wp\/v2\/posts\/1499\/revisions\/1506"}],"wp:attachment":[{"href":"https:\/\/dauncampanileallaltro.ch\/index.php?rest_route=%2Fwp%2Fv2%2Fmedia&parent=1499"}],"wp:term":[{"taxonomy":"category","embeddable":true,"href":"https:\/\/dauncampanileallaltro.ch\/index.php?rest_route=%2Fwp%2Fv2%2Fcategories&post=1499"},{"taxonomy":"post_tag","embeddable":true,"href":"https:\/\/dauncampanileallaltro.ch\/index.php?rest_route=%2Fwp%2Fv2%2Ftags&post=1499"}],"curies":[{"name":"wp","href":"https:\/\/api.w.org\/{rel}","templated":true}]}}