{"id":1495,"date":"2023-09-01T14:27:51","date_gmt":"2023-09-01T12:27:51","guid":{"rendered":"https:\/\/dauncampanileallaltro.ch\/?p=1495"},"modified":"2023-09-01T14:44:53","modified_gmt":"2023-09-01T12:44:53","slug":"proposte-dedicate-alle-famiglie-dalla-nostra-diocesi","status":"publish","type":"post","link":"https:\/\/dauncampanileallaltro.ch\/?p=1495","title":{"rendered":"Proposte dedicate alle Famiglie (dalla nostra Diocesi)"},"content":{"rendered":"\n<p>Cari amici, desidero segnalarvi due iniziative della Commissione diocesana per la Pastorale familiare.<\/p>\n\n\n\n<p>Uno degli aspetti fondamentali della vita di coppia nel matrimonio \u00e8 la capacit\u00e0 di perdono reciproco. Ogni giorno pu\u00f2 esistere un motivo per eludere questo elementare e fondamentale atteggiamento nel matrimonio: la differenza di carattere, il non equilibrio nel temperamento personale, gusti e ritmi di vita differenti, l\u2019affievolirsi dell\u2019impeto affettivo iniziale, fino alle cadute dolorose del tradimento coniugale.<\/p>\n\n\n\n<p><strong>Come affrontare questi momenti faticosi nella coppia?<\/strong><\/p>\n\n\n\n<!--more-->\n\n\n\n<p>La&nbsp;<em>Pastorale familiare diocesana<\/em>&nbsp;ha accolto volentieri la proposta (in collaborazione con la parrocchia di Torricella) che l&#8217;\u00e9quipe dei frati francescani di Assisi (hanno una lunga esperienza nell&#8217;accompagnamento dei coniugi) vorr\u00e0 vivere con noi il 30 settembre e il 1 ottobre 2023. L\u2019incontro sar\u00e0 presso il Collegio Pio XII a Lucino\/Breganzona.<\/p>\n\n\n\n<p><em>Vi invito a divulgare il volantino (PDF) d\u2019invito qui allegato<\/em> tra i vostri amici e conoscenti!<\/p>\n\n\n\n<p>Inoltre, vi segnalo anche la giornata sul Monte Tamaro \u201cGiovani e Famiglie al Tamaro\u201d, con il Vescovo Alain, prevista il sabato 16 settembre.<\/p>\n\n\n\n<hr class=\"wp-block-separator has-alpha-channel-opacity\"\/>\n\n\n\n<div data-wp-interactive=\"core\/file\" class=\"wp-block-file\"><object data-wp-bind--hidden=\"!state.hasPdfPreview\" hidden class=\"wp-block-file__embed\" data=\"https:\/\/dauncampanileallaltro.ch\/wp-content\/uploads\/2023\/09\/Sposi_e_Santi-perdono_corretto.pdf\" type=\"application\/pdf\" style=\"width:100%;height:600px\" aria-label=\"Incorporamento di Sposi_potete_fiorire.\"><\/object><a id=\"wp-block-file--media-8ee6dde2-5739-41e4-bb3b-f63f72ab6238\" href=\"https:\/\/dauncampanileallaltro.ch\/wp-content\/uploads\/2023\/09\/Sposi_e_Santi-perdono_corretto.pdf\">Sposi_potete_fiorire<\/a><a href=\"https:\/\/dauncampanileallaltro.ch\/wp-content\/uploads\/2023\/09\/Sposi_e_Santi-perdono_corretto.pdf\" class=\"wp-block-file__button wp-element-button\" download aria-describedby=\"wp-block-file--media-8ee6dde2-5739-41e4-bb3b-f63f72ab6238\">Download<\/a><\/div>\n\n\n\n<hr class=\"wp-block-separator has-alpha-channel-opacity\"\/>\n\n\n\n<figure class=\"wp-block-image size-large\"><img loading=\"lazy\" decoding=\"async\" width=\"724\" height=\"1024\" src=\"https:\/\/dauncampanileallaltro.ch\/wp-content\/uploads\/2023\/09\/tamaro-2023-settembre-724x1024.jpg\" alt=\"\" class=\"wp-image-1497\" srcset=\"https:\/\/dauncampanileallaltro.ch\/wp-content\/uploads\/2023\/09\/tamaro-2023-settembre-724x1024.jpg 724w, https:\/\/dauncampanileallaltro.ch\/wp-content\/uploads\/2023\/09\/tamaro-2023-settembre-212x300.jpg 212w, https:\/\/dauncampanileallaltro.ch\/wp-content\/uploads\/2023\/09\/tamaro-2023-settembre-768x1086.jpg 768w, https:\/\/dauncampanileallaltro.ch\/wp-content\/uploads\/2023\/09\/tamaro-2023-settembre-1086x1536.jpg 1086w, https:\/\/dauncampanileallaltro.ch\/wp-content\/uploads\/2023\/09\/tamaro-2023-settembre.jpg 1131w\" sizes=\"auto, (max-width: 724px) 100vw, 724px\" \/><\/figure>\n","protected":false},"excerpt":{"rendered":"<p>Cari amici, desidero segnalarvi due iniziative della Commissione diocesana per la Pastorale familiare. Uno degli aspetti fondamentali della vita di coppia nel matrimonio \u00e8 la capacit\u00e0 di perdono reciproco. Ogni giorno pu\u00f2 esistere un motivo per eludere questo elementare e fondamentale atteggiamento nel matrimonio: la differenza di carattere, il non equilibrio nel temperamento personale, gusti &hellip; <\/p>\n<p class=\"link-more\"><a href=\"https:\/\/dauncampanileallaltro.ch\/?p=1495\" class=\"more-link\">Leggi tutto<span class=\"screen-reader-text\"> &#8220;Proposte dedicate alle Famiglie (dalla nostra Diocesi)&#8221;<\/span><\/a><\/p>\n","protected":false},"author":1,"featured_media":0,"comment_status":"open","ping_status":"open","sticky":false,"template":"","format":"standard","meta":{"_monsterinsights_skip_tracking":false,"_monsterinsights_sitenote_active":false,"_monsterinsights_sitenote_note":"","_monsterinsights_sitenote_category":0,"footnotes":""},"categories":[25],"tags":[],"class_list":["post-1495","post","type-post","status-publish","format-standard","hentry","category-diocesi"],"aioseo_notices":[],"_links":{"self":[{"href":"https:\/\/dauncampanileallaltro.ch\/index.php?rest_route=\/wp\/v2\/posts\/1495","targetHints":{"allow":["GET"]}}],"collection":[{"href":"https:\/\/dauncampanileallaltro.ch\/index.php?rest_route=\/wp\/v2\/posts"}],"about":[{"href":"https:\/\/dauncampanileallaltro.ch\/index.php?rest_route=\/wp\/v2\/types\/post"}],"author":[{"embeddable":true,"href":"https:\/\/dauncampanileallaltro.ch\/index.php?rest_route=\/wp\/v2\/users\/1"}],"replies":[{"embeddable":true,"href":"https:\/\/dauncampanileallaltro.ch\/index.php?rest_route=%2Fwp%2Fv2%2Fcomments&post=1495"}],"version-history":[{"count":2,"href":"https:\/\/dauncampanileallaltro.ch\/index.php?rest_route=\/wp\/v2\/posts\/1495\/revisions"}],"predecessor-version":[{"id":1504,"href":"https:\/\/dauncampanileallaltro.ch\/index.php?rest_route=\/wp\/v2\/posts\/1495\/revisions\/1504"}],"wp:attachment":[{"href":"https:\/\/dauncampanileallaltro.ch\/index.php?rest_route=%2Fwp%2Fv2%2Fmedia&parent=1495"}],"wp:term":[{"taxonomy":"category","embeddable":true,"href":"https:\/\/dauncampanileallaltro.ch\/index.php?rest_route=%2Fwp%2Fv2%2Fcategories&post=1495"},{"taxonomy":"post_tag","embeddable":true,"href":"https:\/\/dauncampanileallaltro.ch\/index.php?rest_route=%2Fwp%2Fv2%2Ftags&post=1495"}],"curies":[{"name":"wp","href":"https:\/\/api.w.org\/{rel}","templated":true}]}}