{"id":1370,"date":"2023-06-18T16:09:19","date_gmt":"2023-06-18T14:09:19","guid":{"rendered":"https:\/\/dauncampanileallaltro.ch\/?p=1370"},"modified":"2023-06-18T16:46:19","modified_gmt":"2023-06-18T14:46:19","slug":"periodo-estivo","status":"publish","type":"post","link":"https:\/\/dauncampanileallaltro.ch\/?p=1370","title":{"rendered":"Periodo estivo"},"content":{"rendered":"\n<p><strong>\u201c Venite in disparte e riposatevi un po&#8217; \u201d, disse un giorno Ges\u00f9 ai suoi discepoli.<\/strong><\/p>\n\n\n\n<p>La stessa Parola Ges\u00f9 la ripete a noi oggi, perch\u00e9 abbiamo bisogno di un po\u2019 di vacanza per riordinare la nostra vita e verificare quali sono le vere priorit\u00e0 e le cose che contano. Abbiamo bisogno di un po&#8217; di vacanza per rimettere Dio al centro della nostra vita.<\/p>\n\n\n\n<!--more-->\n\n\n\n<p>Di fatto il lavoro, gli impegni, la stessa vita di famiglia e di casa, tendono a logorarci per l\u2019ansiet\u00e0 con cui sono vissuti nell\u2019incalzare delle urgenze. Nella fatica e nell\u2019affanno il criterio del vero, del giusto e del bene si offusca ed emergono altri criteri, come quelli di profitto, di benessere materiale e di successo che oggi si impongono prepotentemente.<\/p>\n\n\n\n<p>La vacanza \u00e8 allora un tempo utile per recuperare i valori evangelici: il silenzio, l&#8217;ascolto, il dialogo, la preghiera e la contemplazione, il gioco, la cultura, il servizio! Tutti valori necessari alla nostra \u201cumanit\u00e0\u201d.<\/p>\n\n\n\n<p>Ancora una volta il Signore si presenta a noi come colui che offre pace e ristoro a chi \u00e8 affaticato e oppresso. Quante volte la vita toglie serenit\u00e0 e gioia di vivere! Ges\u00f9 vuole farci dono di una pace e serenit\u00e0 che non vengano meno nella nostra esistenza, anche quando questa ci ri\u00adserva momenti dolorosi, situazioni faticose. Per questo ci indica la strada sicura: andare da Lui, imparare da Lui, accogliere la Sua Parola. La vacanza prima o poi finisce, ma la pace del cuore che sa donare Dio a chi vive in Lui non ha fine e non ha prezzo.<\/p>\n\n\n\n<p><strong>Vi pubblico di seguito l&#8217;orario domenicale per le Sante Messe dal 1 luglio al 13 agosto 2023.<\/strong><\/p>\n\n\n\n<p>Eventuali modifiche e aggiornamenti dell&#8217;orario verranno esposti agli albi parrocchiali e pubblicati su questo sito internet.<\/p>\n\n\n\n<p><strong>Buona estate a tutti!<\/strong><\/p>\n\n\n\n<figure class=\"wp-block-image size-large\"><a href=\"https:\/\/dauncampanileallaltro.ch\/wp-content\/uploads\/2023\/06\/orario-messe-festive-luglio-e-fino-al-14-agosto-2023_page-0001-scaled.jpg\"><img loading=\"lazy\" decoding=\"async\" width=\"791\" height=\"1024\" src=\"https:\/\/dauncampanileallaltro.ch\/wp-content\/uploads\/2023\/06\/orario-messe-festive-luglio-e-fino-al-14-agosto-2023_page-0001-791x1024.jpg\" alt=\"\" class=\"wp-image-1371\" srcset=\"https:\/\/dauncampanileallaltro.ch\/wp-content\/uploads\/2023\/06\/orario-messe-festive-luglio-e-fino-al-14-agosto-2023_page-0001-791x1024.jpg 791w, https:\/\/dauncampanileallaltro.ch\/wp-content\/uploads\/2023\/06\/orario-messe-festive-luglio-e-fino-al-14-agosto-2023_page-0001-232x300.jpg 232w, https:\/\/dauncampanileallaltro.ch\/wp-content\/uploads\/2023\/06\/orario-messe-festive-luglio-e-fino-al-14-agosto-2023_page-0001-768x994.jpg 768w, https:\/\/dauncampanileallaltro.ch\/wp-content\/uploads\/2023\/06\/orario-messe-festive-luglio-e-fino-al-14-agosto-2023_page-0001-1187x1536.jpg 1187w, https:\/\/dauncampanileallaltro.ch\/wp-content\/uploads\/2023\/06\/orario-messe-festive-luglio-e-fino-al-14-agosto-2023_page-0001-1583x2048.jpg 1583w, https:\/\/dauncampanileallaltro.ch\/wp-content\/uploads\/2023\/06\/orario-messe-festive-luglio-e-fino-al-14-agosto-2023_page-0001-1320x1708.jpg 1320w, https:\/\/dauncampanileallaltro.ch\/wp-content\/uploads\/2023\/06\/orario-messe-festive-luglio-e-fino-al-14-agosto-2023_page-0001-scaled.jpg 1978w\" sizes=\"auto, (max-width: 767px) 89vw, (max-width: 1000px) 54vw, (max-width: 1071px) 543px, 580px\" \/><\/a><\/figure>\n\n\n\n<p><\/p>\n\n\n\n<p><\/p>\n","protected":false},"excerpt":{"rendered":"<p>\u201c Venite in disparte e riposatevi un po&#8217; \u201d, disse un giorno Ges\u00f9 ai suoi discepoli. La stessa Parola Ges\u00f9 la ripete a noi oggi, perch\u00e9 abbiamo bisogno di un po\u2019 di vacanza per riordinare la nostra vita e verificare quali sono le vere priorit\u00e0 e le cose che contano. Abbiamo bisogno di un po&#8217; &hellip; <\/p>\n<p class=\"link-more\"><a href=\"https:\/\/dauncampanileallaltro.ch\/?p=1370\" class=\"more-link\">Leggi tutto<span class=\"screen-reader-text\"> &#8220;Periodo estivo&#8221;<\/span><\/a><\/p>\n","protected":false},"author":1,"featured_media":1372,"comment_status":"open","ping_status":"open","sticky":false,"template":"","format":"standard","meta":{"_monsterinsights_skip_tracking":false,"_monsterinsights_sitenote_active":false,"_monsterinsights_sitenote_note":"","_monsterinsights_sitenote_category":0,"footnotes":""},"categories":[23],"tags":[],"class_list":["post-1370","post","type-post","status-publish","format-standard","has-post-thumbnail","hentry","category-inter-parrocchiale"],"aioseo_notices":[],"_links":{"self":[{"href":"https:\/\/dauncampanileallaltro.ch\/index.php?rest_route=\/wp\/v2\/posts\/1370","targetHints":{"allow":["GET"]}}],"collection":[{"href":"https:\/\/dauncampanileallaltro.ch\/index.php?rest_route=\/wp\/v2\/posts"}],"about":[{"href":"https:\/\/dauncampanileallaltro.ch\/index.php?rest_route=\/wp\/v2\/types\/post"}],"author":[{"embeddable":true,"href":"https:\/\/dauncampanileallaltro.ch\/index.php?rest_route=\/wp\/v2\/users\/1"}],"replies":[{"embeddable":true,"href":"https:\/\/dauncampanileallaltro.ch\/index.php?rest_route=%2Fwp%2Fv2%2Fcomments&post=1370"}],"version-history":[{"count":4,"href":"https:\/\/dauncampanileallaltro.ch\/index.php?rest_route=\/wp\/v2\/posts\/1370\/revisions"}],"predecessor-version":[{"id":1385,"href":"https:\/\/dauncampanileallaltro.ch\/index.php?rest_route=\/wp\/v2\/posts\/1370\/revisions\/1385"}],"wp:featuredmedia":[{"embeddable":true,"href":"https:\/\/dauncampanileallaltro.ch\/index.php?rest_route=\/wp\/v2\/media\/1372"}],"wp:attachment":[{"href":"https:\/\/dauncampanileallaltro.ch\/index.php?rest_route=%2Fwp%2Fv2%2Fmedia&parent=1370"}],"wp:term":[{"taxonomy":"category","embeddable":true,"href":"https:\/\/dauncampanileallaltro.ch\/index.php?rest_route=%2Fwp%2Fv2%2Fcategories&post=1370"},{"taxonomy":"post_tag","embeddable":true,"href":"https:\/\/dauncampanileallaltro.ch\/index.php?rest_route=%2Fwp%2Fv2%2Ftags&post=1370"}],"curies":[{"name":"wp","href":"https:\/\/api.w.org\/{rel}","templated":true}]}}