{"id":1314,"date":"2023-06-01T18:03:42","date_gmt":"2023-06-01T16:03:42","guid":{"rendered":"https:\/\/dauncampanileallaltro.ch\/?p=1314"},"modified":"2023-06-01T18:55:34","modified_gmt":"2023-06-01T16:55:34","slug":"corpus-domini-e-festa-di-maria-annunciata","status":"publish","type":"post","link":"https:\/\/dauncampanileallaltro.ch\/?p=1314","title":{"rendered":"Corpus Domini e Festa di Maria Annunciata"},"content":{"rendered":"\n<p>Carissimi, siamo vicini alla fine di questo anno pastorale &#8211; che all&#8217;incirca coincide con il tempo scolastico. Vi invito cordialmente agli ultimi due grandi appuntamenti inter-parrocchiali prima dell&#8217;estate:<\/p>\n\n\n\n<p>&#8211; <strong>la Solennit\u00e0 del Corpus Domini, gioved\u00ec 8 giugno alle ore 10.00 a Vernate<\/strong>. Dopo la Santa Messa porteremo il Santissimo Sacramento per le strade del paese per adorarlo e manifestare pubblicamente la nostra fede in questo Sacramento. In esso la Chiesa trova la sorgente del suo esistere e della sua comunione con Cristo!<\/p>\n\n\n\n<p>&#8211; <strong>la festa patronale della Beata Vergine Maria Annunciata di Neggio, domenica 11 giugno,<\/strong> che quest&#8217;anno abbiamo posticipato dal 25 marzo. <strong>La Santa Messa inizier\u00e0 alle ore 10.00.<\/strong> Al termine porteremo in processione fino alla grotta di Lourdes la reliquia della Madonna che custodiamo. Finita la processione, ci sar\u00e0 il banco del dolce e verr\u00e0 offerta a tutti una maccheronata nella sala della casa comunale. Chi desidera fermarsi al pranzo \u00e8 pregato di iscriversi contattando Lili al numero che trovate sulla locandina.<\/p>\n\n\n\n<p>Non mancate!<\/p>\n\n\n\n<hr class=\"wp-block-separator has-alpha-channel-opacity\"\/>\n\n\n\n<figure class=\"wp-block-image size-large\"><a href=\"https:\/\/dauncampanileallaltro.ch\/wp-content\/uploads\/2023\/06\/Corpus-Domini-2023-scaled.jpg\"><img loading=\"lazy\" decoding=\"async\" width=\"1024\" height=\"722\" src=\"https:\/\/dauncampanileallaltro.ch\/wp-content\/uploads\/2023\/06\/Corpus-Domini-2023-1024x722.jpg\" alt=\"\" class=\"wp-image-1317\" srcset=\"https:\/\/dauncampanileallaltro.ch\/wp-content\/uploads\/2023\/06\/Corpus-Domini-2023-1024x722.jpg 1024w, https:\/\/dauncampanileallaltro.ch\/wp-content\/uploads\/2023\/06\/Corpus-Domini-2023-300x211.jpg 300w, https:\/\/dauncampanileallaltro.ch\/wp-content\/uploads\/2023\/06\/Corpus-Domini-2023-768x541.jpg 768w, https:\/\/dauncampanileallaltro.ch\/wp-content\/uploads\/2023\/06\/Corpus-Domini-2023-1536x1083.jpg 1536w, https:\/\/dauncampanileallaltro.ch\/wp-content\/uploads\/2023\/06\/Corpus-Domini-2023-2048x1444.jpg 2048w, https:\/\/dauncampanileallaltro.ch\/wp-content\/uploads\/2023\/06\/Corpus-Domini-2023-1320x930.jpg 1320w\" sizes=\"auto, (max-width: 767px) 89vw, (max-width: 1000px) 54vw, (max-width: 1071px) 543px, 580px\" \/><\/a><\/figure>\n\n\n\n<hr class=\"wp-block-separator has-alpha-channel-opacity\"\/>\n\n\n\n<figure class=\"wp-block-image size-large\"><a href=\"https:\/\/dauncampanileallaltro.ch\/wp-content\/uploads\/2023\/06\/Festa-Vergine-Annunciata-Neggio-scaled.jpg\"><img loading=\"lazy\" decoding=\"async\" width=\"722\" height=\"1024\" src=\"https:\/\/dauncampanileallaltro.ch\/wp-content\/uploads\/2023\/06\/Festa-Vergine-Annunciata-Neggio-722x1024.jpg\" alt=\"\" class=\"wp-image-1316\" srcset=\"https:\/\/dauncampanileallaltro.ch\/wp-content\/uploads\/2023\/06\/Festa-Vergine-Annunciata-Neggio-722x1024.jpg 722w, https:\/\/dauncampanileallaltro.ch\/wp-content\/uploads\/2023\/06\/Festa-Vergine-Annunciata-Neggio-211x300.jpg 211w, https:\/\/dauncampanileallaltro.ch\/wp-content\/uploads\/2023\/06\/Festa-Vergine-Annunciata-Neggio-768x1090.jpg 768w, https:\/\/dauncampanileallaltro.ch\/wp-content\/uploads\/2023\/06\/Festa-Vergine-Annunciata-Neggio-1082x1536.jpg 1082w, https:\/\/dauncampanileallaltro.ch\/wp-content\/uploads\/2023\/06\/Festa-Vergine-Annunciata-Neggio-1443x2048.jpg 1443w, https:\/\/dauncampanileallaltro.ch\/wp-content\/uploads\/2023\/06\/Festa-Vergine-Annunciata-Neggio-1320x1873.jpg 1320w, https:\/\/dauncampanileallaltro.ch\/wp-content\/uploads\/2023\/06\/Festa-Vergine-Annunciata-Neggio-scaled.jpg 1804w\" sizes=\"auto, (max-width: 722px) 100vw, 722px\" \/><\/a><\/figure>\n\n\n\n<hr class=\"wp-block-separator has-alpha-channel-opacity\"\/>\n","protected":false},"excerpt":{"rendered":"<p>Carissimi, siamo vicini alla fine di questo anno pastorale &#8211; che all&#8217;incirca coincide con il tempo scolastico. Vi invito cordialmente agli ultimi due grandi appuntamenti inter-parrocchiali prima dell&#8217;estate: &#8211; la Solennit\u00e0 del Corpus Domini, gioved\u00ec 8 giugno alle ore 10.00 a Vernate. Dopo la Santa Messa porteremo il Santissimo Sacramento per le strade del paese &hellip; <\/p>\n<p class=\"link-more\"><a href=\"https:\/\/dauncampanileallaltro.ch\/?p=1314\" class=\"more-link\">Leggi tutto<span class=\"screen-reader-text\"> &#8220;Corpus Domini e Festa di Maria Annunciata&#8221;<\/span><\/a><\/p>\n","protected":false},"author":1,"featured_media":0,"comment_status":"open","ping_status":"open","sticky":false,"template":"","format":"standard","meta":{"_monsterinsights_skip_tracking":false,"_monsterinsights_sitenote_active":false,"_monsterinsights_sitenote_note":"","_monsterinsights_sitenote_category":0,"footnotes":""},"categories":[23,20,21],"tags":[],"class_list":["post-1314","post","type-post","status-publish","format-standard","hentry","category-inter-parrocchiale","category-neggio","category-vernate"],"aioseo_notices":[],"_links":{"self":[{"href":"https:\/\/dauncampanileallaltro.ch\/index.php?rest_route=\/wp\/v2\/posts\/1314","targetHints":{"allow":["GET"]}}],"collection":[{"href":"https:\/\/dauncampanileallaltro.ch\/index.php?rest_route=\/wp\/v2\/posts"}],"about":[{"href":"https:\/\/dauncampanileallaltro.ch\/index.php?rest_route=\/wp\/v2\/types\/post"}],"author":[{"embeddable":true,"href":"https:\/\/dauncampanileallaltro.ch\/index.php?rest_route=\/wp\/v2\/users\/1"}],"replies":[{"embeddable":true,"href":"https:\/\/dauncampanileallaltro.ch\/index.php?rest_route=%2Fwp%2Fv2%2Fcomments&post=1314"}],"version-history":[{"count":4,"href":"https:\/\/dauncampanileallaltro.ch\/index.php?rest_route=\/wp\/v2\/posts\/1314\/revisions"}],"predecessor-version":[{"id":1324,"href":"https:\/\/dauncampanileallaltro.ch\/index.php?rest_route=\/wp\/v2\/posts\/1314\/revisions\/1324"}],"wp:attachment":[{"href":"https:\/\/dauncampanileallaltro.ch\/index.php?rest_route=%2Fwp%2Fv2%2Fmedia&parent=1314"}],"wp:term":[{"taxonomy":"category","embeddable":true,"href":"https:\/\/dauncampanileallaltro.ch\/index.php?rest_route=%2Fwp%2Fv2%2Fcategories&post=1314"},{"taxonomy":"post_tag","embeddable":true,"href":"https:\/\/dauncampanileallaltro.ch\/index.php?rest_route=%2Fwp%2Fv2%2Ftags&post=1314"}],"curies":[{"name":"wp","href":"https:\/\/api.w.org\/{rel}","templated":true}]}}