{"id":1255,"date":"2023-05-11T10:50:23","date_gmt":"2023-05-11T08:50:23","guid":{"rendered":"https:\/\/dauncampanileallaltro.ch\/?p=1255"},"modified":"2023-05-11T10:53:53","modified_gmt":"2023-05-11T08:53:53","slug":"festa-della-madonna-del-rosario-a-vernate","status":"publish","type":"post","link":"https:\/\/dauncampanileallaltro.ch\/?p=1255","title":{"rendered":"Festa della Madonna del Rosario a Vernate"},"content":{"rendered":"\n<p>Cari amici, il mese di maggio \u00e8 tutto una grande festa, soprattutto in onore della Beata Vergine Maria. Proseguiamo nel nostro affidamento e ringraziamento a questa cara Madre con la la festa della Madonna del Rosario a Vernate. Con gioia vi invito domenica 21 maggio alle ore 10.00! <\/p>\n\n\n\n<p>La Madonna \u00e8 una, ma la sua presenza \u00e8 cos\u00ec preziosa e vicina a tutti noi che nemmeno se la festeggiassimo tutte le domeniche basterebbe a render merito alla premura di una cos\u00ec speciale Regina. Buon proseguimento del mese di maggio e a presto!<\/p>\n\n\n\n<figure class=\"wp-block-image size-large\"><a href=\"https:\/\/dauncampanileallaltro.ch\/wp-content\/uploads\/2023\/05\/Vernate-Festa-della-Madonna-del-Rosario.jpg\"><img loading=\"lazy\" decoding=\"async\" width=\"1024\" height=\"722\" src=\"https:\/\/dauncampanileallaltro.ch\/wp-content\/uploads\/2023\/05\/Vernate-Festa-della-Madonna-del-Rosario-1024x722.jpg\" alt=\"\" class=\"wp-image-1256\" srcset=\"https:\/\/dauncampanileallaltro.ch\/wp-content\/uploads\/2023\/05\/Vernate-Festa-della-Madonna-del-Rosario-1024x722.jpg 1024w, https:\/\/dauncampanileallaltro.ch\/wp-content\/uploads\/2023\/05\/Vernate-Festa-della-Madonna-del-Rosario-300x212.jpg 300w, https:\/\/dauncampanileallaltro.ch\/wp-content\/uploads\/2023\/05\/Vernate-Festa-della-Madonna-del-Rosario-768x541.jpg 768w, https:\/\/dauncampanileallaltro.ch\/wp-content\/uploads\/2023\/05\/Vernate-Festa-della-Madonna-del-Rosario-1536x1083.jpg 1536w, https:\/\/dauncampanileallaltro.ch\/wp-content\/uploads\/2023\/05\/Vernate-Festa-della-Madonna-del-Rosario-1320x931.jpg 1320w, https:\/\/dauncampanileallaltro.ch\/wp-content\/uploads\/2023\/05\/Vernate-Festa-della-Madonna-del-Rosario.jpg 2000w\" sizes=\"auto, (max-width: 767px) 89vw, (max-width: 1000px) 54vw, (max-width: 1071px) 543px, 580px\" \/><\/a><\/figure>\n","protected":false},"excerpt":{"rendered":"<p>Cari amici, il mese di maggio \u00e8 tutto una grande festa, soprattutto in onore della Beata Vergine Maria. Proseguiamo nel nostro affidamento e ringraziamento a questa cara Madre con la la festa della Madonna del Rosario a Vernate. Con gioia vi invito domenica 21 maggio alle ore 10.00! La Madonna \u00e8 una, ma la sua &hellip; <\/p>\n<p class=\"link-more\"><a href=\"https:\/\/dauncampanileallaltro.ch\/?p=1255\" class=\"more-link\">Leggi tutto<span class=\"screen-reader-text\"> &#8220;Festa della Madonna del Rosario a Vernate&#8221;<\/span><\/a><\/p>\n","protected":false},"author":1,"featured_media":0,"comment_status":"open","ping_status":"open","sticky":false,"template":"","format":"standard","meta":{"_monsterinsights_skip_tracking":false,"_monsterinsights_sitenote_active":false,"_monsterinsights_sitenote_note":"","_monsterinsights_sitenote_category":0,"footnotes":""},"categories":[23,21],"tags":[],"class_list":["post-1255","post","type-post","status-publish","format-standard","hentry","category-inter-parrocchiale","category-vernate"],"aioseo_notices":[],"_links":{"self":[{"href":"https:\/\/dauncampanileallaltro.ch\/index.php?rest_route=\/wp\/v2\/posts\/1255","targetHints":{"allow":["GET"]}}],"collection":[{"href":"https:\/\/dauncampanileallaltro.ch\/index.php?rest_route=\/wp\/v2\/posts"}],"about":[{"href":"https:\/\/dauncampanileallaltro.ch\/index.php?rest_route=\/wp\/v2\/types\/post"}],"author":[{"embeddable":true,"href":"https:\/\/dauncampanileallaltro.ch\/index.php?rest_route=\/wp\/v2\/users\/1"}],"replies":[{"embeddable":true,"href":"https:\/\/dauncampanileallaltro.ch\/index.php?rest_route=%2Fwp%2Fv2%2Fcomments&post=1255"}],"version-history":[{"count":1,"href":"https:\/\/dauncampanileallaltro.ch\/index.php?rest_route=\/wp\/v2\/posts\/1255\/revisions"}],"predecessor-version":[{"id":1257,"href":"https:\/\/dauncampanileallaltro.ch\/index.php?rest_route=\/wp\/v2\/posts\/1255\/revisions\/1257"}],"wp:attachment":[{"href":"https:\/\/dauncampanileallaltro.ch\/index.php?rest_route=%2Fwp%2Fv2%2Fmedia&parent=1255"}],"wp:term":[{"taxonomy":"category","embeddable":true,"href":"https:\/\/dauncampanileallaltro.ch\/index.php?rest_route=%2Fwp%2Fv2%2Fcategories&post=1255"},{"taxonomy":"post_tag","embeddable":true,"href":"https:\/\/dauncampanileallaltro.ch\/index.php?rest_route=%2Fwp%2Fv2%2Ftags&post=1255"}],"curies":[{"name":"wp","href":"https:\/\/api.w.org\/{rel}","templated":true}]}}