{"id":1191,"date":"2023-04-17T10:00:41","date_gmt":"2023-04-17T08:00:41","guid":{"rendered":"https:\/\/dauncampanileallaltro.ch\/?p=1191"},"modified":"2023-04-17T10:00:41","modified_gmt":"2023-04-17T08:00:41","slug":"assemblee-parrocchiali","status":"publish","type":"post","link":"https:\/\/dauncampanileallaltro.ch\/?p=1191","title":{"rendered":"Assemblee parrocchiali"},"content":{"rendered":"\n<p>Un piccolo promemoria sulle nostre assemblee parrocchiali. Vi invito caldamente a partecipare a quella della vostra parrocchia. Buona settimana!<\/p>\n\n\n\n<p><strong>Parrocchia di Vernate<\/strong>: luned\u00ec 24 aprile 2023, ore 20.30, presso la sala Agor\u00e0 a Vernate.<\/p>\n\n\n\n<p><strong>Parrocchia di Neggio<\/strong>: viene chiesta alla Curia la proroga per posticiparla pi\u00f9 avanti. Seguiranno aggiornamenti.<\/p>\n\n\n\n<p><strong>Parrocchia di Iseo-Cimo<\/strong>: gioved\u00ec 20 aprile 2023, ore 19.00, presso lo stand del piccolo calibro al &#8220;Meriggio&#8221; di Iseo.<\/p>\n\n\n\n<p>Di seguito trovate le convocazioni in formato PDF.<\/p>\n\n\n\n<!--more-->\n\n\n\n<div data-wp-interactive=\"core\/file\" class=\"wp-block-file\"><object data-wp-bind--hidden=\"!state.hasPdfPreview\" hidden class=\"wp-block-file__embed\" data=\"https:\/\/dauncampanileallaltro.ch\/wp-content\/uploads\/2023\/04\/Convocazione-assemblea-parrocchiale-Vernate.pdf\" type=\"application\/pdf\" style=\"width:100%;height:600px\" aria-label=\"Incorporamento di Convocazione-assemblea-parrocchiale-Vernate.\"><\/object><a id=\"wp-block-file--media-fdef249f-c854-4034-974e-c16a2e3cd9ec\" href=\"https:\/\/dauncampanileallaltro.ch\/wp-content\/uploads\/2023\/04\/Convocazione-assemblea-parrocchiale-Vernate.pdf\">Convocazione-assemblea-parrocchiale-Vernate<\/a><a href=\"https:\/\/dauncampanileallaltro.ch\/wp-content\/uploads\/2023\/04\/Convocazione-assemblea-parrocchiale-Vernate.pdf\" class=\"wp-block-file__button wp-element-button\" download aria-describedby=\"wp-block-file--media-fdef249f-c854-4034-974e-c16a2e3cd9ec\">Download<\/a><\/div>\n\n\n\n<div data-wp-interactive=\"core\/file\" class=\"wp-block-file\"><object data-wp-bind--hidden=\"!state.hasPdfPreview\" hidden class=\"wp-block-file__embed\" data=\"https:\/\/dauncampanileallaltro.ch\/wp-content\/uploads\/2023\/04\/Convocazione-assemblea-parrocchiale-Iseo-Cimo.pdf\" type=\"application\/pdf\" style=\"width:100%;height:600px\" aria-label=\"Incorporamento di Convocazione-assemblea-parrocchiale-Iseo-Cimo.\"><\/object><a id=\"wp-block-file--media-d6c0a9d6-5744-4f8a-aac4-98c09eaf3489\" href=\"https:\/\/dauncampanileallaltro.ch\/wp-content\/uploads\/2023\/04\/Convocazione-assemblea-parrocchiale-Iseo-Cimo.pdf\">Convocazione-assemblea-parrocchiale-Iseo-Cimo<\/a><a href=\"https:\/\/dauncampanileallaltro.ch\/wp-content\/uploads\/2023\/04\/Convocazione-assemblea-parrocchiale-Iseo-Cimo.pdf\" class=\"wp-block-file__button wp-element-button\" download aria-describedby=\"wp-block-file--media-d6c0a9d6-5744-4f8a-aac4-98c09eaf3489\">Download<\/a><\/div>\n","protected":false},"excerpt":{"rendered":"<p>Un piccolo promemoria sulle nostre assemblee parrocchiali. Vi invito caldamente a partecipare a quella della vostra parrocchia. Buona settimana! Parrocchia di Vernate: luned\u00ec 24 aprile 2023, ore 20.30, presso la sala Agor\u00e0 a Vernate. Parrocchia di Neggio: viene chiesta alla Curia la proroga per posticiparla pi\u00f9 avanti. Seguiranno aggiornamenti. Parrocchia di Iseo-Cimo: gioved\u00ec 20 aprile &hellip; <\/p>\n<p class=\"link-more\"><a href=\"https:\/\/dauncampanileallaltro.ch\/?p=1191\" class=\"more-link\">Leggi tutto<span class=\"screen-reader-text\"> &#8220;Assemblee parrocchiali&#8221;<\/span><\/a><\/p>\n","protected":false},"author":1,"featured_media":0,"comment_status":"open","ping_status":"open","sticky":false,"template":"","format":"standard","meta":{"_monsterinsights_skip_tracking":false,"_monsterinsights_sitenote_active":false,"_monsterinsights_sitenote_note":"","_monsterinsights_sitenote_category":0,"footnotes":""},"categories":[22,20,21],"tags":[],"class_list":["post-1191","post","type-post","status-publish","format-standard","hentry","category-iseo-cimo","category-neggio","category-vernate"],"aioseo_notices":[],"_links":{"self":[{"href":"https:\/\/dauncampanileallaltro.ch\/index.php?rest_route=\/wp\/v2\/posts\/1191","targetHints":{"allow":["GET"]}}],"collection":[{"href":"https:\/\/dauncampanileallaltro.ch\/index.php?rest_route=\/wp\/v2\/posts"}],"about":[{"href":"https:\/\/dauncampanileallaltro.ch\/index.php?rest_route=\/wp\/v2\/types\/post"}],"author":[{"embeddable":true,"href":"https:\/\/dauncampanileallaltro.ch\/index.php?rest_route=\/wp\/v2\/users\/1"}],"replies":[{"embeddable":true,"href":"https:\/\/dauncampanileallaltro.ch\/index.php?rest_route=%2Fwp%2Fv2%2Fcomments&post=1191"}],"version-history":[{"count":1,"href":"https:\/\/dauncampanileallaltro.ch\/index.php?rest_route=\/wp\/v2\/posts\/1191\/revisions"}],"predecessor-version":[{"id":1194,"href":"https:\/\/dauncampanileallaltro.ch\/index.php?rest_route=\/wp\/v2\/posts\/1191\/revisions\/1194"}],"wp:attachment":[{"href":"https:\/\/dauncampanileallaltro.ch\/index.php?rest_route=%2Fwp%2Fv2%2Fmedia&parent=1191"}],"wp:term":[{"taxonomy":"category","embeddable":true,"href":"https:\/\/dauncampanileallaltro.ch\/index.php?rest_route=%2Fwp%2Fv2%2Fcategories&post=1191"},{"taxonomy":"post_tag","embeddable":true,"href":"https:\/\/dauncampanileallaltro.ch\/index.php?rest_route=%2Fwp%2Fv2%2Ftags&post=1191"}],"curies":[{"name":"wp","href":"https:\/\/api.w.org\/{rel}","templated":true}]}}