{"id":1100,"date":"2023-03-24T13:10:37","date_gmt":"2023-03-24T11:10:37","guid":{"rendered":"https:\/\/dauncampanileallaltro.ch\/?p=1100"},"modified":"2023-03-24T13:10:37","modified_gmt":"2023-03-24T11:10:37","slug":"verso-la-settimana-santa","status":"publish","type":"post","link":"https:\/\/dauncampanileallaltro.ch\/?p=1100","title":{"rendered":"Verso la Settimana Santa&#8230;"},"content":{"rendered":"\n<p>Buongiorno a tutti!<\/p>\n\n\n\n<p>ho accolto volentieri la richiesta di alcuni di voi di poter guardare insieme (con chi lo desiderasse) il famoso film di Mel Gibson sulla Passione di Cristo. Vi invito quindi luned\u00ec 3 aprile alle ore 20.00 nella Sala Agor\u00e0. Questo momento ci aiuter\u00e0 ad entrare meglio nel clima del Triduo Pasquale.<\/p>\n\n\n\n<p><strong>Ricordo inoltre a tutti l&#8217;appuntamento di marted\u00ec sera, 28 marzo, alle ore 20.00 nella Chiesa parrocchiale di Bioggio.<\/strong> Ci sar\u00e0 un breve momento di riflessione guidato e subito dopo sar\u00e0 possibile confessarsi. I sacerdoti presenti saranno: don Massimo, parroco di Agno, don Juan Carlos, parroco di Bioggio e il sottoscritto. Vi invito a cogliere questa opportunit\u00e0 per confessarvi prima della Pasqua.<\/p>\n\n\n\n<!--more-->\n\n\n\n<p><strong>Sabato 1 aprile la santa Messa sar\u00e0 a Vernate alle ore 18.00 e domenica 2 aprile (Domenica delle Palme) l&#8217;unica santa Messa (preceduta dalla processione) per tutte le nostre comunit\u00e0 parrocchiali sar\u00e0 celebrata ad Iseo &#8211; Santa Maria alle ore 10.00.<\/strong><\/p>\n\n\n\n<p>Tutti gli orari delle funzioni della Settimana Santa e della Pasqua, cos\u00ec come ulteriori momenti di disponibilit\u00e0 per le confessioni &#8220;pre-pasquali&#8221;, saranno pubblicati luned\u00ec 27 marzo qui sul sito e affissi a tutti gli albi parrocchiali.<\/p>\n\n\n\n<figure class=\"wp-block-image size-large\"><img loading=\"lazy\" decoding=\"async\" width=\"717\" height=\"1024\" src=\"https:\/\/dauncampanileallaltro.ch\/wp-content\/uploads\/2023\/03\/passione-di-Cristo-717x1024.jpg\" alt=\"\" class=\"wp-image-1101\" srcset=\"https:\/\/dauncampanileallaltro.ch\/wp-content\/uploads\/2023\/03\/passione-di-Cristo-717x1024.jpg 717w, https:\/\/dauncampanileallaltro.ch\/wp-content\/uploads\/2023\/03\/passione-di-Cristo-210x300.jpg 210w, https:\/\/dauncampanileallaltro.ch\/wp-content\/uploads\/2023\/03\/passione-di-Cristo-768x1097.jpg 768w, https:\/\/dauncampanileallaltro.ch\/wp-content\/uploads\/2023\/03\/passione-di-Cristo-1076x1536.jpg 1076w, https:\/\/dauncampanileallaltro.ch\/wp-content\/uploads\/2023\/03\/passione-di-Cristo-1434x2048.jpg 1434w, https:\/\/dauncampanileallaltro.ch\/wp-content\/uploads\/2023\/03\/passione-di-Cristo-1320x1885.jpg 1320w, https:\/\/dauncampanileallaltro.ch\/wp-content\/uploads\/2023\/03\/passione-di-Cristo.jpg 1654w\" sizes=\"auto, (max-width: 717px) 100vw, 717px\" \/><\/figure>\n","protected":false},"excerpt":{"rendered":"<p>Buongiorno a tutti! ho accolto volentieri la richiesta di alcuni di voi di poter guardare insieme (con chi lo desiderasse) il famoso film di Mel Gibson sulla Passione di Cristo. Vi invito quindi luned\u00ec 3 aprile alle ore 20.00 nella Sala Agor\u00e0. Questo momento ci aiuter\u00e0 ad entrare meglio nel clima del Triduo Pasquale. Ricordo &hellip; <\/p>\n<p class=\"link-more\"><a href=\"https:\/\/dauncampanileallaltro.ch\/?p=1100\" class=\"more-link\">Leggi tutto<span class=\"screen-reader-text\"> &#8220;Verso la Settimana Santa&#8230;&#8221;<\/span><\/a><\/p>\n","protected":false},"author":1,"featured_media":0,"comment_status":"open","ping_status":"open","sticky":false,"template":"","format":"standard","meta":{"_monsterinsights_skip_tracking":false,"_monsterinsights_sitenote_active":false,"_monsterinsights_sitenote_note":"","_monsterinsights_sitenote_category":0,"footnotes":""},"categories":[23,26],"tags":[],"class_list":["post-1100","post","type-post","status-publish","format-standard","hentry","category-inter-parrocchiale","category-rete-pastorale-san-provino"],"aioseo_notices":[],"_links":{"self":[{"href":"https:\/\/dauncampanileallaltro.ch\/index.php?rest_route=\/wp\/v2\/posts\/1100","targetHints":{"allow":["GET"]}}],"collection":[{"href":"https:\/\/dauncampanileallaltro.ch\/index.php?rest_route=\/wp\/v2\/posts"}],"about":[{"href":"https:\/\/dauncampanileallaltro.ch\/index.php?rest_route=\/wp\/v2\/types\/post"}],"author":[{"embeddable":true,"href":"https:\/\/dauncampanileallaltro.ch\/index.php?rest_route=\/wp\/v2\/users\/1"}],"replies":[{"embeddable":true,"href":"https:\/\/dauncampanileallaltro.ch\/index.php?rest_route=%2Fwp%2Fv2%2Fcomments&post=1100"}],"version-history":[{"count":1,"href":"https:\/\/dauncampanileallaltro.ch\/index.php?rest_route=\/wp\/v2\/posts\/1100\/revisions"}],"predecessor-version":[{"id":1102,"href":"https:\/\/dauncampanileallaltro.ch\/index.php?rest_route=\/wp\/v2\/posts\/1100\/revisions\/1102"}],"wp:attachment":[{"href":"https:\/\/dauncampanileallaltro.ch\/index.php?rest_route=%2Fwp%2Fv2%2Fmedia&parent=1100"}],"wp:term":[{"taxonomy":"category","embeddable":true,"href":"https:\/\/dauncampanileallaltro.ch\/index.php?rest_route=%2Fwp%2Fv2%2Fcategories&post=1100"},{"taxonomy":"post_tag","embeddable":true,"href":"https:\/\/dauncampanileallaltro.ch\/index.php?rest_route=%2Fwp%2Fv2%2Ftags&post=1100"}],"curies":[{"name":"wp","href":"https:\/\/api.w.org\/{rel}","templated":true}]}}