{"id":1000,"date":"2023-02-16T16:37:57","date_gmt":"2023-02-16T14:37:57","guid":{"rendered":"https:\/\/dauncampanileallaltro.ch\/?p=1000"},"modified":"2023-02-16T16:47:57","modified_gmt":"2023-02-16T14:47:57","slug":"per-iniziare-insieme-la-quaresima","status":"publish","type":"post","link":"https:\/\/dauncampanileallaltro.ch\/?p=1000","title":{"rendered":"Per iniziare insieme la Quaresima&#8230;"},"content":{"rendered":"\n<p>Cari amici, vi invito il Mercoled\u00ec delle Ceneri a Neggio alle ore 20.00 per la Santa Messa con l&#8217;imposizione delle ceneri benedette. <strong>Il rito delle ceneri segna l\u2019inizio di un percorso molto profondo e impegnativo: la Quaresima, un tempo di 40 giorni che ci conduce al momento pi\u00f9 grande e gioioso che ci sia: la Resurrezione di Ges\u00f9. Prepariamoci bene a questo stupendo giorno<\/strong>!<\/p>\n\n\n\n<!--more-->\n\n\n\n<p>Secondo il calendario liturgico romano, il Mercoled\u00ec delle Ceneri \u00e8 il primo giorno di Quaresima. Questo giorno cade dopo il marted\u00ec grasso, che chiude il Carnevale e viene chiamato cos\u00ec in quanto \u00e8 considerato l\u2019ultima occasione per consumare cibi prelibati, prima di intraprendere il cammino che ci porta alla Pasqua. Durante questo periodo, il fedele \u00e8 invitato al consumo di alimenti semplici per seguire un digiuno non solo del corpo ma anche della mente.<\/p>\n\n\n\n<p>La liturgia del Mercoled\u00ec delle Ceneri si caratterizza per lo spargimento di un poco di cenere benedetta sul capo dei fedeli. Queste ceneri sono il simbolo della precariet\u00e0 della vita terrena. Secondo la consuetudine, le ceneri usate si ricavano dalla bruciatura dei rami delle palme e degli ulivi benedetti l\u2019anno precedente nel corso della Domenica delle Palme.<\/p>\n\n\n\n<p>Il rito si accompagna dalle parole: \u201c<strong>Convertitevi e credete al Vangelo<\/strong>\u201d (Mc 1,15).<\/p>\n\n\n\n<p>A cambiare \u00e8 anche la liturgia della Messa: dalle Ceneri in poi, per tutto il periodo della Quaresima, non si canta l\u2019alleluia e non viene recitato il gloria. Il colore dei paramenti del sacerdote diventa il viola.<\/p>\n\n\n\n<p><strong>Il Mercoled\u00ec delle Ceneri e il Venerd\u00ec Santo siamo tenuti ad osservare il digiuno e l&#8217;astinenza, in particolare non \u00e8 permesso il consumo di carne e di alimenti costosi e ricercati, cosa che si estende poi per tutti i venerd\u00ec di Quaresima.<\/strong><\/p>\n\n\n\n<p>\u00c8 proprio dall\u2019incontro\/scontro con i nostri limiti che solitamente cominciamo a farci un\u2019idea un po\u2019 pi\u00f9 realistica di noi stessi. <strong>In questo senso i giorni di Quaresima sono giorni di sobrio realismo realizzato attraverso l\u2019astensione di tutto ci\u00f2 che edulcora, e copre l\u2019esperienza del nostro limite e della nostra debolezza. Da sobri possiamo dire davvero il nome della nostra povert\u00e0, e proprio a partire da essa possiamo predisporre il cuore alla Pasqua. Senza la consapevolezza che abbiamo bisogno di essere salvati, nessuno di noi si disporrebbe ad aspettare questa salvezza!<\/strong><\/p>\n","protected":false},"excerpt":{"rendered":"<p>Cari amici, vi invito il Mercoled\u00ec delle Ceneri a Neggio alle ore 20.00 per la Santa Messa con l&#8217;imposizione delle ceneri benedette. Il rito delle ceneri segna l\u2019inizio di un percorso molto profondo e impegnativo: la Quaresima, un tempo di 40 giorni che ci conduce al momento pi\u00f9 grande e gioioso che ci sia: la &hellip; <\/p>\n<p class=\"link-more\"><a href=\"https:\/\/dauncampanileallaltro.ch\/?p=1000\" class=\"more-link\">Leggi tutto<span class=\"screen-reader-text\"> &#8220;Per iniziare insieme la Quaresima&#8230;&#8221;<\/span><\/a><\/p>\n","protected":false},"author":1,"featured_media":1008,"comment_status":"open","ping_status":"open","sticky":false,"template":"","format":"standard","meta":{"_monsterinsights_skip_tracking":false,"_monsterinsights_sitenote_active":false,"_monsterinsights_sitenote_note":"","_monsterinsights_sitenote_category":0,"footnotes":""},"categories":[23],"tags":[],"class_list":["post-1000","post","type-post","status-publish","format-standard","has-post-thumbnail","hentry","category-inter-parrocchiale"],"aioseo_notices":[],"_links":{"self":[{"href":"https:\/\/dauncampanileallaltro.ch\/index.php?rest_route=\/wp\/v2\/posts\/1000","targetHints":{"allow":["GET"]}}],"collection":[{"href":"https:\/\/dauncampanileallaltro.ch\/index.php?rest_route=\/wp\/v2\/posts"}],"about":[{"href":"https:\/\/dauncampanileallaltro.ch\/index.php?rest_route=\/wp\/v2\/types\/post"}],"author":[{"embeddable":true,"href":"https:\/\/dauncampanileallaltro.ch\/index.php?rest_route=\/wp\/v2\/users\/1"}],"replies":[{"embeddable":true,"href":"https:\/\/dauncampanileallaltro.ch\/index.php?rest_route=%2Fwp%2Fv2%2Fcomments&post=1000"}],"version-history":[{"count":4,"href":"https:\/\/dauncampanileallaltro.ch\/index.php?rest_route=\/wp\/v2\/posts\/1000\/revisions"}],"predecessor-version":[{"id":1011,"href":"https:\/\/dauncampanileallaltro.ch\/index.php?rest_route=\/wp\/v2\/posts\/1000\/revisions\/1011"}],"wp:featuredmedia":[{"embeddable":true,"href":"https:\/\/dauncampanileallaltro.ch\/index.php?rest_route=\/wp\/v2\/media\/1008"}],"wp:attachment":[{"href":"https:\/\/dauncampanileallaltro.ch\/index.php?rest_route=%2Fwp%2Fv2%2Fmedia&parent=1000"}],"wp:term":[{"taxonomy":"category","embeddable":true,"href":"https:\/\/dauncampanileallaltro.ch\/index.php?rest_route=%2Fwp%2Fv2%2Fcategories&post=1000"},{"taxonomy":"post_tag","embeddable":true,"href":"https:\/\/dauncampanileallaltro.ch\/index.php?rest_route=%2Fwp%2Fv2%2Ftags&post=1000"}],"curies":[{"name":"wp","href":"https:\/\/api.w.org\/{rel}","templated":true}]}}